{"id":305046,"date":"2026-03-15T17:12:59","date_gmt":"2026-03-15T21:12:59","guid":{"rendered":"https:\/\/elluchador.info\/?p=305046"},"modified":"2026-03-15T17:13:03","modified_gmt":"2026-03-15T21:13:03","slug":"peru-candidato-presidencial-muere-en-accidente-de-transito","status":"publish","type":"post","link":"https:\/\/elluchador.info\/?p=305046","title":{"rendered":"Per\u00fa: candidato presidencial muere en accidente de tr\u00e1nsito"},"content":{"rendered":"\n<p>El candidato presidencial Napol\u00e9on Becerra (61 a\u00f1os), uno de los 36 aspirantes a la jefatura de Estado en los comicios generales del 12 de abril pr\u00f3ximo en&nbsp;Per\u00fa, falleci\u00f3 en un accidente de tr\u00e1fico cuando se dirig\u00eda a una actividad de la campa\u00f1a electoral proselitista en el sur del pa\u00eds, informaron este domingo fuentes de su partido y medios oficiales.<\/p>\n\n\n\n<p>Becerra, que lideraba el izquierdista Partido de los Trabajadores y Emprendedores (PTE-Per\u00fa), sufri\u00f3 el accidente en la autopista V\u00eda de los Libertadores, en la regi\u00f3n de Huancavelica, cuando viajaba hacia la vecina regi\u00f3n de Ayacucho, declar\u00f3 a la emisora RPP la candidata a diputada por Lima y portavoz de su agrupaci\u00f3n, Emely Silva. El auto en el que viajaba el candidato volc\u00f3 por causas que se investigan.<\/p>\n\n\n\n<p>\u00abHemos sido informados hace unos minutos del accidente por compa\u00f1eros que se encuentran en la zona y que viajaban con \u00e9l. Nos han notificado que nuestro presidente (Napole\u00f3n Becerra) ha fallecido\u00bb, se\u00f1al\u00f3 Silva. \u00abEl candidato Becerra ya ha fallecido\u00bb, confirm\u00f3 a RPP Balvin Huamani, alcalde del distrito de Pilpichaca. Seg\u00fan su relato, \u00e9l mismo llev\u00f3 a Becerra hasta un puesto de salud, donde fue confirmado su deceso.<\/p>\n\n\n\n<p>Con informaci\u00f3n <strong><em>Agencias<\/em><\/strong>-.<\/p>\n","protected":false},"excerpt":{"rendered":"<p>El candidato presidencial Napol\u00e9on Becerra (61 a\u00f1os), uno de los 36 aspirantes a la jefatura de Estado en los comicios generales del 12 de abril pr\u00f3ximo en&nbsp;Per\u00fa, falleci\u00f3 en un accidente de tr\u00e1fico cuando se dirig\u00eda a una actividad de la campa\u00f1a electoral proselitista en el sur del pa\u00eds, informaron este domingo fuentes de su [&hellip;]<\/p>\n","protected":false},"author":33,"featured_media":305047,"comment_status":"closed","ping_status":"closed","sticky":false,"template":"","format":"standard","meta":{"footnotes":""},"categories":[8],"tags":[287,731,534],"class_list":{"0":"post-305046","1":"post","2":"type-post","3":"status-publish","4":"format-standard","5":"has-post-thumbnail","7":"category-internacionales","8":"tag-candidato","9":"tag-fallecido","10":"tag-peru"},"_links":{"self":[{"href":"https:\/\/elluchador.info\/index.php?rest_route=\/wp\/v2\/posts\/305046","targetHints":{"allow":["GET"]}}],"collection":[{"href":"https:\/\/elluchador.info\/index.php?rest_route=\/wp\/v2\/posts"}],"about":[{"href":"https:\/\/elluchador.info\/index.php?rest_route=\/wp\/v2\/types\/post"}],"author":[{"embeddable":true,"href":"https:\/\/elluchador.info\/index.php?rest_route=\/wp\/v2\/users\/33"}],"replies":[{"embeddable":true,"href":"https:\/\/elluchador.info\/index.php?rest_route=%2Fwp%2Fv2%2Fcomments&post=305046"}],"version-history":[{"count":1,"href":"https:\/\/elluchador.info\/index.php?rest_route=\/wp\/v2\/posts\/305046\/revisions"}],"predecessor-version":[{"id":305048,"href":"https:\/\/elluchador.info\/index.php?rest_route=\/wp\/v2\/posts\/305046\/revisions\/305048"}],"wp:featuredmedia":[{"embeddable":true,"href":"https:\/\/elluchador.info\/index.php?rest_route=\/wp\/v2\/media\/305047"}],"wp:attachment":[{"href":"https:\/\/elluchador.info\/index.php?rest_route=%2Fwp%2Fv2%2Fmedia&parent=305046"}],"wp:term":[{"taxonomy":"category","embeddable":true,"href":"https:\/\/elluchador.info\/index.php?rest_route=%2Fwp%2Fv2%2Fcategories&post=305046"},{"taxonomy":"post_tag","embeddable":true,"href":"https:\/\/elluchador.info\/index.php?rest_route=%2Fwp%2Fv2%2Ftags&post=305046"}],"curies":[{"name":"wp","href":"https:\/\/api.w.org\/{rel}","templated":true}]}}