{"id":305053,"date":"2026-03-15T19:26:09","date_gmt":"2026-03-15T23:26:09","guid":{"rendered":"https:\/\/elluchador.info\/?p=305053"},"modified":"2026-03-15T19:26:13","modified_gmt":"2026-03-15T23:26:13","slug":"intt-desplegara-operativos-de-tramites-en-varios-estados-del-pais","status":"publish","type":"post","link":"https:\/\/elluchador.info\/?p=305053","title":{"rendered":"INTT desplegar\u00e1 operativos de tr\u00e1mites en varios estados del pa\u00eds"},"content":{"rendered":"\n<p>Autoridades del Instituto Nacional de Transporte Terrestre (INTT) anuncian que del 16 al 20 de marzo, ejecutar\u00e1n una jornada intensiva de operativos vehiculares en los estados Gu\u00e1rico, Anzo\u00e1tegui, M\u00e9rida, T\u00e1chira, Lara, Miranda, Amazonas, Bol\u00edvar y Yaracuy.<\/p>\n\n\n\n<p>Esta iniciativa tiene el firme prop\u00f3sito de acercar los servicios institucionales al pueblo para que los usuarios realicen gestiones de documentaci\u00f3n, revisi\u00f3n y asesor\u00eda legal en puntos estrat\u00e9gicos de sus comunidades.<\/p>\n\n\n\n<p>La programaci\u00f3n iniciar\u00e1 en la Regi\u00f3n Guayana el 16 de marzo, espec\u00edficamente en la Comuna embalse de Macagua y el Hospital Uyapar de Ciudad Guayana, mientras que el estado Bol\u00edvar continuar\u00e1 con actividades los d\u00edas 17 y 18 de marzo en los Consejos Comunales Andr\u00e9s Eloy y Parque Ferial.<\/p>\n\n\n\n<p>A este esfuerzo se sumar\u00e1 el estado Amazonas el 17 de marzo con una jornada en la sede del sistema de atenci\u00f3n a personas con discapacidad en Puerto Ayacucho, fecha en la cual tambi\u00e9n se activar\u00e1n operativos en el Terminal de pasajeros \u201cLa Negra Josefa Centeno\u201d de Gu\u00e1rico y en diversos puntos de Anzo\u00e1tegui, tales como la estaci\u00f3n de servicio PDV en Boca de Uchire y la cancha Padre Figueroa de Guanta.<\/p>\n\n\n\n<p>De igual manera, el 17 de marzo la atenci\u00f3n llegar\u00e1 a la Regi\u00f3n Los Andes a trav\u00e9s de la Alcald\u00eda de Obispo Ramos de Lora en M\u00e9rida y las sedes municipales de Queniquea y San Jos\u00e9 de Bol\u00edvar en T\u00e1chira.<\/p>\n\n\n\n<p>Por su parte, el sector comercial e industrial de Lara contar\u00e1 con una jornada especial en Mercabar los d\u00edas 17 y 18 de marzo, al mismo tiempo que el estado Miranda recibir\u00e1 a los funcionarios el 18 de marzo en el Centro de Econom\u00eda Comunal Al\u00ed Primera de Los Teques.<\/p>\n\n\n\n<p>Finalmente, el cronograma concluir\u00e1 el 20 de marzo en Yaracuy con un gran despliegue en los terminales de Independencia y Pe\u00f1a, adem\u00e1s de puntos de atenci\u00f3n en Redvital Makro y la Alcald\u00eda de Jos\u00e9 Antonio P\u00e1ez.<\/p>\n\n\n\n<p>Con informaci\u00f3n <strong><em>Prensa INTT<\/em><\/strong><\/p>\n","protected":false},"excerpt":{"rendered":"<p>Autoridades del Instituto Nacional de Transporte Terrestre (INTT) anuncian que del 16 al 20 de marzo, ejecutar\u00e1n una jornada intensiva de operativos vehiculares en los estados Gu\u00e1rico, Anzo\u00e1tegui, M\u00e9rida, T\u00e1chira, Lara, Miranda, Amazonas, Bol\u00edvar y Yaracuy. Esta iniciativa tiene el firme prop\u00f3sito de acercar los servicios institucionales al pueblo para que los usuarios realicen gestiones [&hellip;]<\/p>\n","protected":false},"author":33,"featured_media":305054,"comment_status":"closed","ping_status":"closed","sticky":false,"template":"","format":"standard","meta":{"footnotes":""},"categories":[9],"tags":[185,500],"class_list":{"0":"post-305053","1":"post","2":"type-post","3":"status-publish","4":"format-standard","5":"has-post-thumbnail","7":"category-nacionales","8":"tag-bolivar","9":"tag-transporte"},"_links":{"self":[{"href":"https:\/\/elluchador.info\/index.php?rest_route=\/wp\/v2\/posts\/305053","targetHints":{"allow":["GET"]}}],"collection":[{"href":"https:\/\/elluchador.info\/index.php?rest_route=\/wp\/v2\/posts"}],"about":[{"href":"https:\/\/elluchador.info\/index.php?rest_route=\/wp\/v2\/types\/post"}],"author":[{"embeddable":true,"href":"https:\/\/elluchador.info\/index.php?rest_route=\/wp\/v2\/users\/33"}],"replies":[{"embeddable":true,"href":"https:\/\/elluchador.info\/index.php?rest_route=%2Fwp%2Fv2%2Fcomments&post=305053"}],"version-history":[{"count":1,"href":"https:\/\/elluchador.info\/index.php?rest_route=\/wp\/v2\/posts\/305053\/revisions"}],"predecessor-version":[{"id":305055,"href":"https:\/\/elluchador.info\/index.php?rest_route=\/wp\/v2\/posts\/305053\/revisions\/305055"}],"wp:featuredmedia":[{"embeddable":true,"href":"https:\/\/elluchador.info\/index.php?rest_route=\/wp\/v2\/media\/305054"}],"wp:attachment":[{"href":"https:\/\/elluchador.info\/index.php?rest_route=%2Fwp%2Fv2%2Fmedia&parent=305053"}],"wp:term":[{"taxonomy":"category","embeddable":true,"href":"https:\/\/elluchador.info\/index.php?rest_route=%2Fwp%2Fv2%2Fcategories&post=305053"},{"taxonomy":"post_tag","embeddable":true,"href":"https:\/\/elluchador.info\/index.php?rest_route=%2Fwp%2Fv2%2Ftags&post=305053"}],"curies":[{"name":"wp","href":"https:\/\/api.w.org\/{rel}","templated":true}]}}