{"id":305084,"date":"2026-03-16T10:43:00","date_gmt":"2026-03-16T14:43:00","guid":{"rendered":"https:\/\/elluchador.info\/?p=305084"},"modified":"2026-03-16T10:41:19","modified_gmt":"2026-03-16T14:41:19","slug":"an-publica-lista-de-73-postulados-para-el-cargo-de-fiscal-general-de-la-republica","status":"publish","type":"post","link":"https:\/\/elluchador.info\/?p=305084","title":{"rendered":"AN publica lista de 73 postulados para el cargo de fiscal general de la Rep\u00fablica"},"content":{"rendered":"\n<p>El Comit\u00e9 de Evaluaci\u00f3n de Postulaciones del Poder Ciudadano de la Asamblea Nacional (AN) hizo p\u00fablica este lunes la lista oficial de los ciudadanos preseleccionados que aspiran a ocupar el cargo de Fiscal General de la Rep\u00fablica.<\/p>\n\n\n\n<p>\u200bEl proceso, que busca renovar la titularidad del Ministerio P\u00fablico, se desarrolla en estricto cumplimiento del art\u00edculo 279 de la Constituci\u00f3n de la Rep\u00fablica Bolivariana de Venezuela y el art\u00edculo 23 de la Ley Org\u00e1nica del Poder Ciudadano, garantizando la legalidad y transparencia de cada etapa.<\/p>\n\n\n\n<p>\u200bTras el cierre de la convocatoria, un total de 73 aspirantes consignaron sus credenciales ante la instancia legislativa. El listado refleja una diversidad de perfiles t\u00e9cnicos y acad\u00e9micos, entre los que destacan profesionales del derecho de amplia trayectoria, tales como:<br>\u200bMagaly Mercedes V\u00e1squez Gonz\u00e1lez<br>\u200bTom\u00e1s Rafael Aguilera Mar\u00edn<br>\u200bJos\u00e9 Luis Alcal\u00e1 Rhode<br>\u200bMinerva Thais Balza Rosario<br>\u200bNelson Jos\u00e9 Chitty La Roche<br>\u200bRen\u00e9e Moros Troccol\u00ed<br>\u200b<br>\u200bEl documento oficial cuenta con el aval de la directiva del comit\u00e9, liderada por el diputado Giuseppe Alessandrello (Presidente), junto a los vicepresidentes Bernab\u00e9 Guti\u00e9rrez y Carolina Garc\u00eda.<\/p>\n\n\n\n<p>\u200b\u00abEl Comit\u00e9 de Evaluaci\u00f3n de Postulados del Poder Ciudadano, de acuerdo a lo se\u00f1alado en la ley, presenta la lista de las candidatas y los candidatos postulados\u00bb, suscribe el texto publicado por el ente legislativo.<\/p>\n\n\n\n<p>\u200bCumplida esta fase de preselecci\u00f3n, el cronograma legislativo establece el inicio inmediato de la etapa de objeciones y entrevistas personales. Estos mecanismos permitir\u00e1n evaluar la idoneidad t\u00e9cnica y \u00e9tica de los candidatos antes de presentar el informe final ante la plenaria de la Asamblea Nacional para la designaci\u00f3n definitiva.<\/p>\n\n\n\n<figure class=\"wp-block-image size-full\"><img loading=\"lazy\" decoding=\"async\" width=\"747\" height=\"1024\" src=\"https:\/\/elluchador.info\/wp-content\/uploads\/2026\/03\/image-25-747x1024-1.avif\" alt=\"\" class=\"wp-image-305086\" srcset=\"https:\/\/elluchador.info\/wp-content\/uploads\/2026\/03\/image-25-747x1024-1.avif 747w, https:\/\/elluchador.info\/wp-content\/uploads\/2026\/03\/image-25-747x1024-1-219x300.avif 219w, https:\/\/elluchador.info\/wp-content\/uploads\/2026\/03\/image-25-747x1024-1-150x206.avif 150w, https:\/\/elluchador.info\/wp-content\/uploads\/2026\/03\/image-25-747x1024-1-300x411.avif 300w, https:\/\/elluchador.info\/wp-content\/uploads\/2026\/03\/image-25-747x1024-1-696x954.avif 696w\" sizes=\"auto, (max-width: 747px) 100vw, 747px\" \/><\/figure>\n\n\n\n<p>\u200bCon informaci\u00f3n de <strong>agencias<\/strong><\/p>\n\n\n\n<p><\/p>\n","protected":false},"excerpt":{"rendered":"<p>El Comit\u00e9 de Evaluaci\u00f3n de Postulaciones del Poder Ciudadano de la Asamblea Nacional (AN) hizo p\u00fablica este lunes la lista oficial de los ciudadanos preseleccionados que aspiran a ocupar el cargo de Fiscal General de la Rep\u00fablica. \u200bEl proceso, que busca renovar la titularidad del Ministerio P\u00fablico, se desarrolla en estricto cumplimiento del art\u00edculo 279 [&hellip;]<\/p>\n","protected":false},"author":38,"featured_media":305085,"comment_status":"closed","ping_status":"closed","sticky":false,"template":"","format":"standard","meta":{"footnotes":""},"categories":[11],"tags":[105],"class_list":{"0":"post-305084","1":"post","2":"type-post","3":"status-publish","4":"format-standard","5":"has-post-thumbnail","7":"category-politica","8":"tag-venezuela"},"_links":{"self":[{"href":"https:\/\/elluchador.info\/index.php?rest_route=\/wp\/v2\/posts\/305084","targetHints":{"allow":["GET"]}}],"collection":[{"href":"https:\/\/elluchador.info\/index.php?rest_route=\/wp\/v2\/posts"}],"about":[{"href":"https:\/\/elluchador.info\/index.php?rest_route=\/wp\/v2\/types\/post"}],"author":[{"embeddable":true,"href":"https:\/\/elluchador.info\/index.php?rest_route=\/wp\/v2\/users\/38"}],"replies":[{"embeddable":true,"href":"https:\/\/elluchador.info\/index.php?rest_route=%2Fwp%2Fv2%2Fcomments&post=305084"}],"version-history":[{"count":1,"href":"https:\/\/elluchador.info\/index.php?rest_route=\/wp\/v2\/posts\/305084\/revisions"}],"predecessor-version":[{"id":305087,"href":"https:\/\/elluchador.info\/index.php?rest_route=\/wp\/v2\/posts\/305084\/revisions\/305087"}],"wp:featuredmedia":[{"embeddable":true,"href":"https:\/\/elluchador.info\/index.php?rest_route=\/wp\/v2\/media\/305085"}],"wp:attachment":[{"href":"https:\/\/elluchador.info\/index.php?rest_route=%2Fwp%2Fv2%2Fmedia&parent=305084"}],"wp:term":[{"taxonomy":"category","embeddable":true,"href":"https:\/\/elluchador.info\/index.php?rest_route=%2Fwp%2Fv2%2Fcategories&post=305084"},{"taxonomy":"post_tag","embeddable":true,"href":"https:\/\/elluchador.info\/index.php?rest_route=%2Fwp%2Fv2%2Ftags&post=305084"}],"curies":[{"name":"wp","href":"https:\/\/api.w.org\/{rel}","templated":true}]}}