{"id":305099,"date":"2026-03-16T12:11:00","date_gmt":"2026-03-16T16:11:00","guid":{"rendered":"https:\/\/elluchador.info\/?p=305099"},"modified":"2026-03-16T12:02:13","modified_gmt":"2026-03-16T16:02:13","slug":"papa-leon-xiv-pide-evitar-que-informacion-se-convierta-en-propaganda-de-guerra","status":"publish","type":"post","link":"https:\/\/elluchador.info\/?p=305099","title":{"rendered":"Papa Le\u00f3n XIV pide evitar que informaci\u00f3n se convierta en propaganda de guerra"},"content":{"rendered":"\n<p>En un contundente llamado a la \u00e9tica profesional, el Papa Le\u00f3n XIV advirti\u00f3 hoy sobre el riesgo de que la informaci\u00f3n se convierta en un instrumento de guerra. Durante una audiencia privada en el Vaticano con profesionales de la televisi\u00f3n p\u00fablica italiana (RAI), el Pont\u00edfice inst\u00f3 a los comunicadores a ejercer su labor con responsabilidad, especialmente en el complejo escenario de los conflictos armados actuales.<\/p>\n\n\n\n<p>\u200bEl Santo Padre fue enf\u00e1tico al se\u00f1alar que la labor informativa debe permanecer impermeable a intereses que distorsionen la realidad. Seg\u00fan el Pont\u00edfice, la integridad del periodista se pone a prueba de manera cr\u00edtica durante las crisis b\u00e9licas.<\/p>\n\n\n\n<p>\u200b\u201cSiempre, pero de modo especial en las circunstancias dram\u00e1ticas de guerra, la informaci\u00f3n debe guardarse del riesgo de transformarse en propaganda\u201d, afirm\u00f3 Le\u00f3n XIV.<\/p>\n\n\n\n<p>\u200bUno de los puntos centrales de su discurso fue la necesidad de mostrar las consecuencias humanas de la violencia. El Papa pidi\u00f3 a los periodistas alejarse de narrativas as\u00e9pticas o tecnol\u00f3gicas para centrarse en el dolor real de quienes sufren.<\/p>\n\n\n\n<p>\u200bEl enfoque en las v\u00edctimas: El Pont\u00edfice subray\u00f3 que se debe relatar la guerra \u00abcon los ojos de las v\u00edctimas\u00bb.<br>\u200bLa advertencia: Inst\u00f3 a los profesionales a no permitir que la cobertura de los combates se deshumanice hasta parecer un \u00abvideojuego\u00bb.<\/p>\n\n\n\n<p>\u200bEl compromiso: Reconoci\u00f3 que, aunque el tiempo en los espacios informativos es limitado, no se debe renunciar al enfoque humano y cr\u00edtico.<\/p>\n\n\n\n<p>\u200bAnte el auge de la desinformaci\u00f3n, Le\u00f3n XIV calific\u00f3 la verificaci\u00f3n de noticias como una tarea \u00abm\u00e1s urgente y delicada\u00bb que nunca. Advirti\u00f3 que la falta de rigor convierte a los medios en herramientas al servicio de intereses pol\u00edticos.<\/p>\n\n\n\n<p>\u200b\u201cLa obligaci\u00f3n de verificar las noticias para no convertirse en meg\u00e1fono del poder es hoy todav\u00eda m\u00e1s esencial\u201d, indic\u00f3, haciendo un llamado directo a la independencia editorial.<\/p>\n\n\n\n<p>\u200bFinalmente, al reflexionar sobre la transici\u00f3n del mundo anal\u00f3gico al digital, el Papa destac\u00f3 que, si bien las herramientas han cambiado, la esencia del periodismo permanece inalterable.<\/p>\n\n\n\n<p>Con informaci\u00f3n de <strong>agencias<\/strong><\/p>\n\n\n\n<p><\/p>\n","protected":false},"excerpt":{"rendered":"<p>En un contundente llamado a la \u00e9tica profesional, el Papa Le\u00f3n XIV advirti\u00f3 hoy sobre el riesgo de que la informaci\u00f3n se convierta en un instrumento de guerra. Durante una audiencia privada en el Vaticano con profesionales de la televisi\u00f3n p\u00fablica italiana (RAI), el Pont\u00edfice inst\u00f3 a los comunicadores a ejercer su labor con responsabilidad, [&hellip;]<\/p>\n","protected":false},"author":38,"featured_media":305100,"comment_status":"closed","ping_status":"closed","sticky":false,"template":"","format":"standard","meta":{"footnotes":""},"categories":[8],"tags":[448],"class_list":{"0":"post-305099","1":"post","2":"type-post","3":"status-publish","4":"format-standard","5":"has-post-thumbnail","7":"category-internacionales","8":"tag-mundo"},"_links":{"self":[{"href":"https:\/\/elluchador.info\/index.php?rest_route=\/wp\/v2\/posts\/305099","targetHints":{"allow":["GET"]}}],"collection":[{"href":"https:\/\/elluchador.info\/index.php?rest_route=\/wp\/v2\/posts"}],"about":[{"href":"https:\/\/elluchador.info\/index.php?rest_route=\/wp\/v2\/types\/post"}],"author":[{"embeddable":true,"href":"https:\/\/elluchador.info\/index.php?rest_route=\/wp\/v2\/users\/38"}],"replies":[{"embeddable":true,"href":"https:\/\/elluchador.info\/index.php?rest_route=%2Fwp%2Fv2%2Fcomments&post=305099"}],"version-history":[{"count":1,"href":"https:\/\/elluchador.info\/index.php?rest_route=\/wp\/v2\/posts\/305099\/revisions"}],"predecessor-version":[{"id":305101,"href":"https:\/\/elluchador.info\/index.php?rest_route=\/wp\/v2\/posts\/305099\/revisions\/305101"}],"wp:featuredmedia":[{"embeddable":true,"href":"https:\/\/elluchador.info\/index.php?rest_route=\/wp\/v2\/media\/305100"}],"wp:attachment":[{"href":"https:\/\/elluchador.info\/index.php?rest_route=%2Fwp%2Fv2%2Fmedia&parent=305099"}],"wp:term":[{"taxonomy":"category","embeddable":true,"href":"https:\/\/elluchador.info\/index.php?rest_route=%2Fwp%2Fv2%2Fcategories&post=305099"},{"taxonomy":"post_tag","embeddable":true,"href":"https:\/\/elluchador.info\/index.php?rest_route=%2Fwp%2Fv2%2Ftags&post=305099"}],"curies":[{"name":"wp","href":"https:\/\/api.w.org\/{rel}","templated":true}]}}