{"id":305105,"date":"2026-03-16T12:43:00","date_gmt":"2026-03-16T16:43:00","guid":{"rendered":"https:\/\/elluchador.info\/?p=305105"},"modified":"2026-03-16T12:40:07","modified_gmt":"2026-03-16T16:40:07","slug":"kast-pone-en-marcha-su-muro-en-la-frontera-norte-de-chile","status":"publish","type":"post","link":"https:\/\/elluchador.info\/?p=305105","title":{"rendered":"Kast pone en marcha su muro en la frontera norte de Chile"},"content":{"rendered":"\n<p>En un acto que marca el inicio de una de sus promesas centrales de campa\u00f1a, el Presidente de la Rep\u00fablica, Jos\u00e9 Antonio Kast, arrib\u00f3 este lunes al extremo norte del pa\u00eds para supervisar el despliegue del \u00abPlan Escudo Fronterizo\u00bb.<\/p>\n\n\n\n<p>Esta iniciativa busca frenar de manera dr\u00e1stica la migraci\u00f3n irregular mediante un robusto despliegue tecnol\u00f3gico, militar y de infraestructura f\u00edsica.<\/p>\n\n\n\n<p>\u200bTras su toma de posesi\u00f3n, el mandatario firm\u00f3 en el Palacio de La Moneda seis decretos estrat\u00e9gicos que establecen una pol\u00edtica nacional de \u00abcierre fronterizo\u00bb y la delimitaci\u00f3n geogr\u00e1fica de las zonas cr\u00edticas que colindan con Per\u00fa y Bolivia.<\/p>\n\n\n\n<p><strong>\u200bDefensa de los valores patrios<\/strong><br>\u200bA su llegada a la base militar \u00abSolo de Zald\u00edvar\u00bb en Arica, el Jefe de Estado salud\u00f3 a las tropas y expres\u00f3 su reconocimiento por la labor de resguardo en la zona.<\/p>\n\n\n\n<p>\u200b\u00bbArica es fundamental desde el punto de vista social, econ\u00f3mico y geopol\u00edtico, y ustedes est\u00e1n ah\u00ed defendiendo los valores de la patria\u00bb, afirm\u00f3 el mandatario al agradecer la protecci\u00f3n de lo que denomin\u00f3 la \u00abpuerta de entrada\u00bb de la naci\u00f3n.<\/p>\n\n\n\n<p>\u200bComo parte de la agenda, el Presidente encabezar\u00e1 un Consejo de Seguridad junto a los ministros del Interior, Seguridad P\u00fablica, Obras P\u00fablicas, Defensa y Justicia, para coordinar los aspectos operativos y legales del plan.<br>\u200bMuros, zanjas y tecnolog\u00eda de \u00faltima generaci\u00f3n.<\/p>\n\n\n\n<p>\u200bEl \u00abPlan Escudo Fronterizo\u00bb contempla una transformaci\u00f3n radical de la infraestructura en los pasos fronterizos de Colchane y Chacalluta:<br>\u200bBarreras F\u00edsicas: Construcci\u00f3n de muros y vallas de seguridad de 5 metros de altura con cercos perimetrales electrificados.<br>\u200bZanjas: Excavaci\u00f3n de fosos de 3 metros de profundidad para impedir el tr\u00e1nsito de veh\u00edculos y caravanas.<br>\u200bVigilancia 24\/7: Uso de drones aut\u00f3nomos con reconocimiento facial, sensores de movimiento y c\u00e1maras t\u00e9rmicas\/infrarrojas.<br>\u200bPresencia de Fuerza P\u00fablica: Despliegue de aproximadamente 3.000 efectivos militares y policiales.<br>\u200bZona de Exclusi\u00f3n: Creaci\u00f3n de una franja de 10 kil\u00f3metros donde cualquier persona sin documentos podr\u00e1 ser detenida y deportada de forma inmediata.<\/p>\n\n\n\n<p><strong>\u200bDesaf\u00edos log\u00edsticos y legislativos<\/strong><br>\u200bPese a la determinaci\u00f3n del Ejecutivo, el plan enfrenta interrogantes sobre su viabilidad. Aunque el Gobierno proyecta una implementaci\u00f3n de 90 d\u00edas, expertos y medios locales se\u00f1alan que la complejidad del terreno des\u00e9rtico y la extensi\u00f3n de las fronteras (800 km con Bolivia y 169 km con Per\u00fa) podr\u00edan prolongar los trabajos durante a\u00f1os.<\/p>\n\n\n\n<p>\u200bEn el \u00e1mbito pol\u00edtico, el Ejecutivo buscar\u00e1 que el Congreso apruebe con celeridad una ley que tipifique como delito la entrada al pa\u00eds por pasos no habilitados o sin la documentaci\u00f3n requerida.<br>\u200b<br>Con informaci\u00f3n de <strong>agencias<\/strong><\/p>\n\n\n\n<p><\/p>\n","protected":false},"excerpt":{"rendered":"<p>En un acto que marca el inicio de una de sus promesas centrales de campa\u00f1a, el Presidente de la Rep\u00fablica, Jos\u00e9 Antonio Kast, arrib\u00f3 este lunes al extremo norte del pa\u00eds para supervisar el despliegue del \u00abPlan Escudo Fronterizo\u00bb. Esta iniciativa busca frenar de manera dr\u00e1stica la migraci\u00f3n irregular mediante un robusto despliegue tecnol\u00f3gico, militar [&hellip;]<\/p>\n","protected":false},"author":38,"featured_media":305106,"comment_status":"closed","ping_status":"closed","sticky":false,"template":"","format":"standard","meta":{"footnotes":""},"categories":[8],"tags":[448],"class_list":{"0":"post-305105","1":"post","2":"type-post","3":"status-publish","4":"format-standard","5":"has-post-thumbnail","7":"category-internacionales","8":"tag-mundo"},"_links":{"self":[{"href":"https:\/\/elluchador.info\/index.php?rest_route=\/wp\/v2\/posts\/305105","targetHints":{"allow":["GET"]}}],"collection":[{"href":"https:\/\/elluchador.info\/index.php?rest_route=\/wp\/v2\/posts"}],"about":[{"href":"https:\/\/elluchador.info\/index.php?rest_route=\/wp\/v2\/types\/post"}],"author":[{"embeddable":true,"href":"https:\/\/elluchador.info\/index.php?rest_route=\/wp\/v2\/users\/38"}],"replies":[{"embeddable":true,"href":"https:\/\/elluchador.info\/index.php?rest_route=%2Fwp%2Fv2%2Fcomments&post=305105"}],"version-history":[{"count":1,"href":"https:\/\/elluchador.info\/index.php?rest_route=\/wp\/v2\/posts\/305105\/revisions"}],"predecessor-version":[{"id":305107,"href":"https:\/\/elluchador.info\/index.php?rest_route=\/wp\/v2\/posts\/305105\/revisions\/305107"}],"wp:featuredmedia":[{"embeddable":true,"href":"https:\/\/elluchador.info\/index.php?rest_route=\/wp\/v2\/media\/305106"}],"wp:attachment":[{"href":"https:\/\/elluchador.info\/index.php?rest_route=%2Fwp%2Fv2%2Fmedia&parent=305105"}],"wp:term":[{"taxonomy":"category","embeddable":true,"href":"https:\/\/elluchador.info\/index.php?rest_route=%2Fwp%2Fv2%2Fcategories&post=305105"},{"taxonomy":"post_tag","embeddable":true,"href":"https:\/\/elluchador.info\/index.php?rest_route=%2Fwp%2Fv2%2Ftags&post=305105"}],"curies":[{"name":"wp","href":"https:\/\/api.w.org\/{rel}","templated":true}]}}