{"id":305111,"date":"2026-03-16T14:18:38","date_gmt":"2026-03-16T18:18:38","guid":{"rendered":"https:\/\/elluchador.info\/?p=305111"},"modified":"2026-03-16T14:18:42","modified_gmt":"2026-03-16T18:18:42","slug":"organizaciones-de-salud-exigen-medidas-de-emergencia-ante-epidemia-de-fiebre-amarilla-en-venezuela","status":"publish","type":"post","link":"https:\/\/elluchador.info\/?p=305111","title":{"rendered":"Organizaciones de salud exigen medidas de emergencia ante epidemia de fiebre amarilla en Venezuela"},"content":{"rendered":"\n<p>Un total de 24 organizaciones, en su mayor\u00eda del sector salud, urgieron este lunes a las autoridades venezolanas a tomar acciones inmediatas frente al \u00abinicio\u00bb de una epidemia de fiebre amarilla en el pa\u00eds, denunciando que los primeros casos se detectaron en junio de 2025 y que el Ejecutivo tard\u00f3 ocho meses en informar p\u00fablicamente sobre la situaci\u00f3n.<\/p>\n\n\n\n<p>A trav\u00e9s de un comunicado difundido en X por la ONG Provea, las organizaciones firmantes dirigieron una carta al Ministerio de Salud y a la Asamblea Nacional exigiendo la publicaci\u00f3n de los boletines epidemiol\u00f3gicos correspondientes a 2024, 2025 y lo que va de 2026.<\/p>\n\n\n\n<p>\u00abLlamamos a las autoridades a que tomen acciones urgentes ante el inicio de una epidemia de fiebre amarilla en Venezuela\u00bb, se\u00f1al\u00f3 el texto, que tambi\u00e9n insta a reflexionar sobre el impacto de la demora en la comunicaci\u00f3n oficial de los casos.<\/p>\n\n\n\n<p>Las organizaciones enfatizaron que \u00abla protecci\u00f3n de la poblaci\u00f3n frente a enfermedades prevenibles requiere decisiones basadas en evidencia, comunicaci\u00f3n oportuna y la articulaci\u00f3n de todos los sectores involucrados\u00bb. En este sentido, consideraron que la coyuntura actual representa una oportunidad para \u00abfortalecer la transparencia, la cooperaci\u00f3n interinstitucional y la confianza p\u00fablica\u00bb entre la sociedad civil y el Estado.<\/p>\n\n\n\n<p>Confiamos en que las acciones que se adopten en adelante permitir\u00e1n mejorar la respuesta sanitaria, reforzar la credibilidad institucional y avanzar hacia un sistema de salud m\u00e1s s\u00f3lido\u00bb, agregaron.<\/p>\n\n\n\n<p><strong>Cifras oficiales y alerta epidemiol\u00f3gica<\/strong><\/p>\n\n\n\n<p>La ministra de Salud, Nuramy Guti\u00e9rrez, confirm\u00f3 el pasado 10 de marzo que durante 2025 se registraron \u00abalgunos decesos\u00bb por fiebre amarilla, aunque evit\u00f3 precisar la cifra para no generar \u00abp\u00e1nico\u00bb en la poblaci\u00f3n. En esa oportunidad, report\u00f3 \u00absolamente siete casos\u00bb positivos en lo que va de 2026 y asegur\u00f3 que el pa\u00eds se encuentra en \u00abalerta epidemiol\u00f3gica\u00bb.<\/p>\n\n\n\n<p>D\u00edas antes, el 27 de febrero, la vicepresidenta sectorial de Ciencia, Tecnolog\u00eda, Ecosocialismo y Salud, Isabel Iturria, hab\u00eda informado sobre 36 casos acumulados desde junio de 2025.<\/p>\n\n\n\n<p><strong>Vacunaci\u00f3n y cobertura<\/strong><\/p>\n\n\n\n<p>Guti\u00e9rrez anunci\u00f3 que el objetivo gubernamental es alcanzar una cobertura de vacunaci\u00f3n del 95% de la poblaci\u00f3n, y report\u00f3 que unas 49.000 personas han sido inmunizadas recientemente, cifra que se suma a los \u00abtres millones de venezolanos ya vacunados en el decenio anterior\u00bb.<\/p>\n\n\n\n<p>Venezuela ha recibido en el \u00faltimo a\u00f1o donaciones de vacunas contra la fiebre amarilla, polio, pentavalente, SRP, PCV10 y rotavirus provenientes de India, Corea del Sur, Rusia, Brasil y otros pa\u00edses.<\/p>\n\n\n\n<p>No obstante, la Sociedad Venezolana de Puericultura y Pediatr\u00eda advirti\u00f3 en 2024 que el Programa Ampliado de Inmunizaci\u00f3n (PAI) no ha logrado alcanzar las metas de cobertura vacunal en la \u00faltima d\u00e9cada.<\/p>\n\n\n\n<p>Con informaci\u00f3n de <strong><em>Agencias.-<\/em><\/strong><\/p>\n","protected":false},"excerpt":{"rendered":"<p>Un total de 24 organizaciones, en su mayor\u00eda del sector salud, urgieron este lunes a las autoridades venezolanas a tomar acciones inmediatas frente al \u00abinicio\u00bb de una epidemia de fiebre amarilla en el pa\u00eds, denunciando que los primeros casos se detectaron en junio de 2025 y que el Ejecutivo tard\u00f3 ocho meses en informar p\u00fablicamente [&hellip;]<\/p>\n","protected":false},"author":33,"featured_media":305112,"comment_status":"closed","ping_status":"closed","sticky":false,"template":"","format":"standard","meta":{"footnotes":""},"categories":[9],"tags":[3541,2414,105],"class_list":{"0":"post-305111","1":"post","2":"type-post","3":"status-publish","4":"format-standard","5":"has-post-thumbnail","7":"category-nacionales","8":"tag-fiebre-amarilla","9":"tag-ong","10":"tag-venezuela"},"_links":{"self":[{"href":"https:\/\/elluchador.info\/index.php?rest_route=\/wp\/v2\/posts\/305111","targetHints":{"allow":["GET"]}}],"collection":[{"href":"https:\/\/elluchador.info\/index.php?rest_route=\/wp\/v2\/posts"}],"about":[{"href":"https:\/\/elluchador.info\/index.php?rest_route=\/wp\/v2\/types\/post"}],"author":[{"embeddable":true,"href":"https:\/\/elluchador.info\/index.php?rest_route=\/wp\/v2\/users\/33"}],"replies":[{"embeddable":true,"href":"https:\/\/elluchador.info\/index.php?rest_route=%2Fwp%2Fv2%2Fcomments&post=305111"}],"version-history":[{"count":1,"href":"https:\/\/elluchador.info\/index.php?rest_route=\/wp\/v2\/posts\/305111\/revisions"}],"predecessor-version":[{"id":305113,"href":"https:\/\/elluchador.info\/index.php?rest_route=\/wp\/v2\/posts\/305111\/revisions\/305113"}],"wp:featuredmedia":[{"embeddable":true,"href":"https:\/\/elluchador.info\/index.php?rest_route=\/wp\/v2\/media\/305112"}],"wp:attachment":[{"href":"https:\/\/elluchador.info\/index.php?rest_route=%2Fwp%2Fv2%2Fmedia&parent=305111"}],"wp:term":[{"taxonomy":"category","embeddable":true,"href":"https:\/\/elluchador.info\/index.php?rest_route=%2Fwp%2Fv2%2Fcategories&post=305111"},{"taxonomy":"post_tag","embeddable":true,"href":"https:\/\/elluchador.info\/index.php?rest_route=%2Fwp%2Fv2%2Ftags&post=305111"}],"curies":[{"name":"wp","href":"https:\/\/api.w.org\/{rel}","templated":true}]}}