{"id":305120,"date":"2026-03-16T14:57:36","date_gmt":"2026-03-16T18:57:36","guid":{"rendered":"https:\/\/elluchador.info\/?p=305120"},"modified":"2026-03-16T14:57:40","modified_gmt":"2026-03-16T18:57:40","slug":"trump-afirmo-que-muy-pronto-llegara-un-acuerdo-con-cuba","status":"publish","type":"post","link":"https:\/\/elluchador.info\/?p=305120","title":{"rendered":"Trump afirm\u00f3 que \u00abmuy pronto\u00bb llegar\u00e1 un acuerdo con Cuba"},"content":{"rendered":"\n<p>El presidente de Estados Unidos, Donald Trump, asegur\u00f3 este lunes que su administraci\u00f3n sostiene conversaciones con Cuba y advirti\u00f3 que, de no alcanzarse un acuerdo en el corto plazo, su gobierno har\u00e1 \u00ablo que haya que hacer\u00bb con la isla.<\/p>\n\n\n\n<p><em>\u00abCuba tambi\u00e9n quiere cerrar un acuerdo, y creo que muy pronto o llegamos a un acuerdo o haremos lo que haya que hacer\u00bb<\/em>, declar\u00f3 Trump a periodistas a bordo del Air Force One. El mandatario agreg\u00f3 que \u00abnos ocuparemos de Ir\u00e1n antes que de Cuba\u00ab, pero insisti\u00f3 en que <em>\u00abva a pasar algo en Cuba muy pronto\u00bb<\/em>.<\/p>\n\n\n\n<p>Las declaraciones se producen d\u00edas despu\u00e9s de que el gobierno cubano confirmara el viernes que mantiene conversaciones con Washington y liberara a presos pol\u00edticos en el marco de un acuerdo con el Vaticano, hist\u00f3rico mediador entre ambos pa\u00edses.<\/p>\n\n\n\n<p>Trump ha multiplicado sus declaraciones ofensivas contra la isla desde mediados de enero, cuando asegur\u00f3 que hab\u00eda negociaciones en curso con altos cargos cubanos, aunque La Habana hab\u00eda desmentido hasta ahora esos contactos.<\/p>\n\n\n\n<p>Estados Unidos mantiene desde enero un bloqueo energ\u00e9tico de facto contra Cuba, argumentando la <em>\u00abamenaza excepcional\u00bb<\/em> que representar\u00eda para su seguridad nacional la isla situada a solo 150 kil\u00f3metros de las costas de Florida.<\/p>\n\n\n\n<p>Con informaci\u00f3n <strong><em>Agencias.-<\/em><\/strong><\/p>\n","protected":false},"excerpt":{"rendered":"<p>El presidente de Estados Unidos, Donald Trump, asegur\u00f3 este lunes que su administraci\u00f3n sostiene conversaciones con Cuba y advirti\u00f3 que, de no alcanzarse un acuerdo en el corto plazo, su gobierno har\u00e1 \u00ablo que haya que hacer\u00bb con la isla. \u00abCuba tambi\u00e9n quiere cerrar un acuerdo, y creo que muy pronto o llegamos a un [&hellip;]<\/p>\n","protected":false},"author":33,"featured_media":305121,"comment_status":"closed","ping_status":"closed","sticky":false,"template":"","format":"standard","meta":{"footnotes":""},"categories":[8],"tags":[451,42],"class_list":{"0":"post-305120","1":"post","2":"type-post","3":"status-publish","4":"format-standard","5":"has-post-thumbnail","7":"category-internacionales","8":"tag-cuba","9":"tag-trump"},"_links":{"self":[{"href":"https:\/\/elluchador.info\/index.php?rest_route=\/wp\/v2\/posts\/305120","targetHints":{"allow":["GET"]}}],"collection":[{"href":"https:\/\/elluchador.info\/index.php?rest_route=\/wp\/v2\/posts"}],"about":[{"href":"https:\/\/elluchador.info\/index.php?rest_route=\/wp\/v2\/types\/post"}],"author":[{"embeddable":true,"href":"https:\/\/elluchador.info\/index.php?rest_route=\/wp\/v2\/users\/33"}],"replies":[{"embeddable":true,"href":"https:\/\/elluchador.info\/index.php?rest_route=%2Fwp%2Fv2%2Fcomments&post=305120"}],"version-history":[{"count":1,"href":"https:\/\/elluchador.info\/index.php?rest_route=\/wp\/v2\/posts\/305120\/revisions"}],"predecessor-version":[{"id":305122,"href":"https:\/\/elluchador.info\/index.php?rest_route=\/wp\/v2\/posts\/305120\/revisions\/305122"}],"wp:featuredmedia":[{"embeddable":true,"href":"https:\/\/elluchador.info\/index.php?rest_route=\/wp\/v2\/media\/305121"}],"wp:attachment":[{"href":"https:\/\/elluchador.info\/index.php?rest_route=%2Fwp%2Fv2%2Fmedia&parent=305120"}],"wp:term":[{"taxonomy":"category","embeddable":true,"href":"https:\/\/elluchador.info\/index.php?rest_route=%2Fwp%2Fv2%2Fcategories&post=305120"},{"taxonomy":"post_tag","embeddable":true,"href":"https:\/\/elluchador.info\/index.php?rest_route=%2Fwp%2Fv2%2Ftags&post=305120"}],"curies":[{"name":"wp","href":"https:\/\/api.w.org\/{rel}","templated":true}]}}