{"id":305147,"date":"2026-03-16T16:26:20","date_gmt":"2026-03-16T20:26:20","guid":{"rendered":"https:\/\/elluchador.info\/?p=305147"},"modified":"2026-03-16T16:26:24","modified_gmt":"2026-03-16T20:26:24","slug":"canciller-gil-rechaza-pronunciamiento-de-volker-turk-sobre-venezuela","status":"publish","type":"post","link":"https:\/\/elluchador.info\/?p=305147","title":{"rendered":"Canciller Gil rechaza pronunciamiento de Volker T\u00fcrk sobre Venezuela"},"content":{"rendered":"\n<p>El canciller de la Rep\u00fablica, Yv\u00e1n Gil, critic\u00f3 este lunes al alto comisionado de la ONU para los derechos humanos, Volker T\u00fcrk, e indic\u00f3 que posee un \u00absesgo inmoral\u00bb, despu\u00e9s de que el funcionario se\u00f1alara que no ha recibido de las autoridades de Venezuela una lista oficial de los presos pol\u00edticos liberados ni permisos para visitas.<\/p>\n\n\n\n<p>\u00abEl alto comisionado de la ONU para los Derechos Humanos insiste en una narrativa parcializada hacia nuestro pa\u00eds, repitiendo acusaciones infundadas y omitiendo deliberadamente el impacto de las medidas coercitivas unilaterales sobre los derechos del pueblo venezolano\u00bb, dijo Gil en un mensaje difundido su canal de Telegram, que acompa\u00f1\u00f3 con una foto de T\u00fcrk.<\/p>\n\n\n\n<p>\u00abDefinitivamente le cuesta desprenderse de la agenda del extremismo en Venezuela. Por el contrario, y a pesar de las graves violaciones de los DD.HH en el planeta, el opta por su sesgo inmoral contra Venezuela\u00bb, agreg\u00f3 Gil.<\/p>\n\n\n\n<p>Indic\u00f3 que de esta manera, \u00abse hace dif\u00edcil sostener una cooperaci\u00f3n t\u00e9cnica seria cuando su oficina termina actuando como caja de resonancia de falsedades. En Venezuela el camino es la paz y la convivencia; quienes quieran contribuir con respeto ser\u00e1n bienvenidos\u00bb.<\/p>\n\n\n\n<p>Con informaci\u00f3n <strong><em>AVN<\/em><\/strong><\/p>\n","protected":false},"excerpt":{"rendered":"<p>El canciller de la Rep\u00fablica, Yv\u00e1n Gil, critic\u00f3 este lunes al alto comisionado de la ONU para los derechos humanos, Volker T\u00fcrk, e indic\u00f3 que posee un \u00absesgo inmoral\u00bb, despu\u00e9s de que el funcionario se\u00f1alara que no ha recibido de las autoridades de Venezuela una lista oficial de los presos pol\u00edticos liberados ni permisos para [&hellip;]<\/p>\n","protected":false},"author":33,"featured_media":305148,"comment_status":"closed","ping_status":"closed","sticky":false,"template":"","format":"standard","meta":{"footnotes":""},"categories":[11],"tags":[2200,105,6731],"class_list":{"0":"post-305147","1":"post","2":"type-post","3":"status-publish","4":"format-standard","5":"has-post-thumbnail","7":"category-politica","8":"tag-gil","9":"tag-venezuela","10":"tag-volker"},"_links":{"self":[{"href":"https:\/\/elluchador.info\/index.php?rest_route=\/wp\/v2\/posts\/305147","targetHints":{"allow":["GET"]}}],"collection":[{"href":"https:\/\/elluchador.info\/index.php?rest_route=\/wp\/v2\/posts"}],"about":[{"href":"https:\/\/elluchador.info\/index.php?rest_route=\/wp\/v2\/types\/post"}],"author":[{"embeddable":true,"href":"https:\/\/elluchador.info\/index.php?rest_route=\/wp\/v2\/users\/33"}],"replies":[{"embeddable":true,"href":"https:\/\/elluchador.info\/index.php?rest_route=%2Fwp%2Fv2%2Fcomments&post=305147"}],"version-history":[{"count":1,"href":"https:\/\/elluchador.info\/index.php?rest_route=\/wp\/v2\/posts\/305147\/revisions"}],"predecessor-version":[{"id":305149,"href":"https:\/\/elluchador.info\/index.php?rest_route=\/wp\/v2\/posts\/305147\/revisions\/305149"}],"wp:featuredmedia":[{"embeddable":true,"href":"https:\/\/elluchador.info\/index.php?rest_route=\/wp\/v2\/media\/305148"}],"wp:attachment":[{"href":"https:\/\/elluchador.info\/index.php?rest_route=%2Fwp%2Fv2%2Fmedia&parent=305147"}],"wp:term":[{"taxonomy":"category","embeddable":true,"href":"https:\/\/elluchador.info\/index.php?rest_route=%2Fwp%2Fv2%2Fcategories&post=305147"},{"taxonomy":"post_tag","embeddable":true,"href":"https:\/\/elluchador.info\/index.php?rest_route=%2Fwp%2Fv2%2Ftags&post=305147"}],"curies":[{"name":"wp","href":"https:\/\/api.w.org\/{rel}","templated":true}]}}