{"id":305150,"date":"2026-03-16T16:30:25","date_gmt":"2026-03-16T20:30:25","guid":{"rendered":"https:\/\/elluchador.info\/?p=305150"},"modified":"2026-03-16T16:30:31","modified_gmt":"2026-03-16T20:30:31","slug":"cuba-sufre-un-nuevo-apagon-total","status":"publish","type":"post","link":"https:\/\/elluchador.info\/?p=305150","title":{"rendered":"Cuba sufre un nuevo apag\u00f3n total"},"content":{"rendered":"\n<p>Cuba sufri\u00f3 este lunes un nuevo apag\u00f3n nacional, el sexto en apenas a\u00f1o y medio, inform\u00f3 el Ministerio de Energ\u00eda y Minas (Minem).<\/p>\n\n\n\n<p>\u00abSe ha producido una desconexi\u00f3n total del Sistema El\u00e9ctrico Nacional (SEN), se investigan las causas y comienzan a activarse los protocolos para el restablecimiento\u00bb, inform\u00f3 en redes sociales en Minem sin apuntar a\u00fan la causa del nuevo apag\u00f3n masivo.<\/p>\n\n\n\n<p>Cuba se encuentra sumida en una profunda crisis energ\u00e9tica desde mediados de 2024, una situaci\u00f3n que se ha agravado en los \u00faltimos tres meses con el bloqueo petrolero impuesto por EE.UU. que est\u00e1 paralizando la econom\u00eda por completo y disparando el malestar social.<\/p>\n\n\n\n<p>Con base en experiencias previas, el restablecimiento del SEN es un procedimiento lento y laborioso que puede demorar d\u00edas.<\/p>\n\n\n\n<p>Supone empezar a generar energ\u00eda con las fuentes de arranque sencillo (solar, hidroel\u00e9ctrica, motores de generaci\u00f3n) para ir dando servicio a peque\u00f1as \u00e1reas que luego se van interconectando.<\/p>\n\n\n\n<p>El objetivo es llevar cuanto antes la suficiente energ\u00eda a las centrales termoel\u00e9ctricas del pa\u00eds, el pilar de la generaci\u00f3n el\u00e9ctrica en Cuba, para que estas puedan de nuevo arrancar y producir energ\u00eda en grandes cantidades para satisfacer la demanda.<\/p>\n\n\n\n<p>Con informaci\u00f3n <strong><em>Agencias.-<\/em><\/strong><\/p>\n","protected":false},"excerpt":{"rendered":"<p>Cuba sufri\u00f3 este lunes un nuevo apag\u00f3n nacional, el sexto en apenas a\u00f1o y medio, inform\u00f3 el Ministerio de Energ\u00eda y Minas (Minem). \u00abSe ha producido una desconexi\u00f3n total del Sistema El\u00e9ctrico Nacional (SEN), se investigan las causas y comienzan a activarse los protocolos para el restablecimiento\u00bb, inform\u00f3 en redes sociales en Minem sin apuntar [&hellip;]<\/p>\n","protected":false},"author":33,"featured_media":305151,"comment_status":"closed","ping_status":"closed","sticky":false,"template":"","format":"standard","meta":{"footnotes":""},"categories":[5,8],"tags":[2598,451],"class_list":{"0":"post-305150","1":"post","2":"type-post","3":"status-publish","4":"format-standard","5":"has-post-thumbnail","7":"category-destacado","8":"category-internacionales","9":"tag-apagon","10":"tag-cuba"},"_links":{"self":[{"href":"https:\/\/elluchador.info\/index.php?rest_route=\/wp\/v2\/posts\/305150","targetHints":{"allow":["GET"]}}],"collection":[{"href":"https:\/\/elluchador.info\/index.php?rest_route=\/wp\/v2\/posts"}],"about":[{"href":"https:\/\/elluchador.info\/index.php?rest_route=\/wp\/v2\/types\/post"}],"author":[{"embeddable":true,"href":"https:\/\/elluchador.info\/index.php?rest_route=\/wp\/v2\/users\/33"}],"replies":[{"embeddable":true,"href":"https:\/\/elluchador.info\/index.php?rest_route=%2Fwp%2Fv2%2Fcomments&post=305150"}],"version-history":[{"count":1,"href":"https:\/\/elluchador.info\/index.php?rest_route=\/wp\/v2\/posts\/305150\/revisions"}],"predecessor-version":[{"id":305152,"href":"https:\/\/elluchador.info\/index.php?rest_route=\/wp\/v2\/posts\/305150\/revisions\/305152"}],"wp:featuredmedia":[{"embeddable":true,"href":"https:\/\/elluchador.info\/index.php?rest_route=\/wp\/v2\/media\/305151"}],"wp:attachment":[{"href":"https:\/\/elluchador.info\/index.php?rest_route=%2Fwp%2Fv2%2Fmedia&parent=305150"}],"wp:term":[{"taxonomy":"category","embeddable":true,"href":"https:\/\/elluchador.info\/index.php?rest_route=%2Fwp%2Fv2%2Fcategories&post=305150"},{"taxonomy":"post_tag","embeddable":true,"href":"https:\/\/elluchador.info\/index.php?rest_route=%2Fwp%2Fv2%2Ftags&post=305150"}],"curies":[{"name":"wp","href":"https:\/\/api.w.org\/{rel}","templated":true}]}}