{"id":305161,"date":"2026-03-16T19:44:40","date_gmt":"2026-03-16T23:44:40","guid":{"rendered":"https:\/\/elluchador.info\/?p=305161"},"modified":"2026-03-16T19:44:44","modified_gmt":"2026-03-16T23:44:44","slug":"ministro-de-transporte-califico-como-intento-de-saboteo-el-paro-de-este-lunes","status":"publish","type":"post","link":"https:\/\/elluchador.info\/?p=305161","title":{"rendered":"Ministro de Transporte calific\u00f3 como \u00abintento de saboteo\u00bb el paro de este lunes"},"content":{"rendered":"\n<p>An\u00edbal Coronado, actual ministro de&nbsp;Transporte, inform\u00f3 que llev\u00f3 a cabo una reuni\u00f3n con el \u00d3rgano Superior de Transporte para&nbsp;analizar el paro&nbsp;convocado por los transportistas durante este lunes 16 de marzo ante la falta del aumento de la&nbsp;tarifa del pasaje.<\/p>\n\n\n\n<p>Mediante un video publicado en sus redes sociales, el ministro calific\u00f3 como \u00abintento de saboteo y boicot\u00bb la acci\u00f3n de \u00abunas pocas l\u00edneas\u00bb de&nbsp;transporte urbano&nbsp;y, adem\u00e1s, agreg\u00f3 que la misma \u00abfracas\u00f3\u00bb.<\/p>\n\n\n\n<p>\u00abPor ah\u00ed intentaron boicotear y sabotear, apenas unas pocas l\u00edneas de transporte urbano en la ciudad, pero este Gobierno salimos a la batalla. D\u00e9jeme decirles que fracasaron, logramos movilizar en la ma\u00f1ana de hoy todos lo usuarios para que se fueran a sus lugares de trabajo\u00bb, dijo.<\/p>\n\n\n\n<p>Sostuvo que desde tempranas horas de la ma\u00f1ana de desplegaron las unidades de transporte de&nbsp;Metrobus, Sitssa, Jeep, y carros de la PNB para minimizar el impacto del paro de los transportistas.<\/p>\n\n\n\n<p>\u00abSeguiremos trabajando para derrotar a los que quieren boicotear este gran proceso revolucionario\u00bb, sentenci\u00f3.<\/p>\n\n\n\n<p>Con informaci\u00f3n <strong><em>Contrapunto<\/em><\/strong><\/p>\n","protected":false},"excerpt":{"rendered":"<p>An\u00edbal Coronado, actual ministro de&nbsp;Transporte, inform\u00f3 que llev\u00f3 a cabo una reuni\u00f3n con el \u00d3rgano Superior de Transporte para&nbsp;analizar el paro&nbsp;convocado por los transportistas durante este lunes 16 de marzo ante la falta del aumento de la&nbsp;tarifa del pasaje. Mediante un video publicado en sus redes sociales, el ministro calific\u00f3 como \u00abintento de saboteo y [&hellip;]<\/p>\n","protected":false},"author":33,"featured_media":305162,"comment_status":"closed","ping_status":"closed","sticky":false,"template":"","format":"standard","meta":{"footnotes":""},"categories":[5,9],"tags":[614,500],"class_list":{"0":"post-305161","1":"post","2":"type-post","3":"status-publish","4":"format-standard","5":"has-post-thumbnail","7":"category-destacado","8":"category-nacionales","9":"tag-caracas","10":"tag-transporte"},"_links":{"self":[{"href":"https:\/\/elluchador.info\/index.php?rest_route=\/wp\/v2\/posts\/305161","targetHints":{"allow":["GET"]}}],"collection":[{"href":"https:\/\/elluchador.info\/index.php?rest_route=\/wp\/v2\/posts"}],"about":[{"href":"https:\/\/elluchador.info\/index.php?rest_route=\/wp\/v2\/types\/post"}],"author":[{"embeddable":true,"href":"https:\/\/elluchador.info\/index.php?rest_route=\/wp\/v2\/users\/33"}],"replies":[{"embeddable":true,"href":"https:\/\/elluchador.info\/index.php?rest_route=%2Fwp%2Fv2%2Fcomments&post=305161"}],"version-history":[{"count":1,"href":"https:\/\/elluchador.info\/index.php?rest_route=\/wp\/v2\/posts\/305161\/revisions"}],"predecessor-version":[{"id":305163,"href":"https:\/\/elluchador.info\/index.php?rest_route=\/wp\/v2\/posts\/305161\/revisions\/305163"}],"wp:featuredmedia":[{"embeddable":true,"href":"https:\/\/elluchador.info\/index.php?rest_route=\/wp\/v2\/media\/305162"}],"wp:attachment":[{"href":"https:\/\/elluchador.info\/index.php?rest_route=%2Fwp%2Fv2%2Fmedia&parent=305161"}],"wp:term":[{"taxonomy":"category","embeddable":true,"href":"https:\/\/elluchador.info\/index.php?rest_route=%2Fwp%2Fv2%2Fcategories&post=305161"},{"taxonomy":"post_tag","embeddable":true,"href":"https:\/\/elluchador.info\/index.php?rest_route=%2Fwp%2Fv2%2Ftags&post=305161"}],"curies":[{"name":"wp","href":"https:\/\/api.w.org\/{rel}","templated":true}]}}