{"id":305174,"date":"2026-03-17T08:53:39","date_gmt":"2026-03-17T12:53:39","guid":{"rendered":"https:\/\/elluchador.info\/?p=305174"},"modified":"2026-03-17T08:53:42","modified_gmt":"2026-03-17T12:53:42","slug":"sismo-de-magnitud-58-sacudio-este-17mar-las-costas-de-cuba","status":"publish","type":"post","link":"https:\/\/elluchador.info\/?p=305174","title":{"rendered":"Sismo de magnitud 5,8 sacudi\u00f3 este 17Mar las costas de Cuba"},"content":{"rendered":"\n<p>Un&nbsp;sismo de magnitud 5,8&nbsp;se registr\u00f3 este martes en la zona oriental de&nbsp;Cuba, con epicentro a 95 kil\u00f3metros al este de la ciudad de Guant\u00e1namo, inform\u00f3 el Centro Sismol\u00f3gico Europeo-Mediterr\u00e1neo.<\/p>\n\n\n\n<p>El movimiento tel\u00farico, que&nbsp;tuvo lugar a las 00:28 (hora local), se origin\u00f3 a una profundidad de 12 kil\u00f3metros, agreg\u00f3 el organismo.<\/p>\n\n\n\n<p>Este tipo de movimiento s\u00edsmico es habitual en la regi\u00f3n oriental del pa\u00eds, donde se localiza la&nbsp;principal actividad tect\u00f3nica. Hasta el momento no se han reportado v\u00edctimas ni da\u00f1os de consideraci\u00f3n.<\/p>\n\n\n\n<p>Con informaci\u00f3n <strong><em>Agencias-.<\/em><\/strong><\/p>\n","protected":false},"excerpt":{"rendered":"<p>Un&nbsp;sismo de magnitud 5,8&nbsp;se registr\u00f3 este martes en la zona oriental de&nbsp;Cuba, con epicentro a 95 kil\u00f3metros al este de la ciudad de Guant\u00e1namo, inform\u00f3 el Centro Sismol\u00f3gico Europeo-Mediterr\u00e1neo. El movimiento tel\u00farico, que&nbsp;tuvo lugar a las 00:28 (hora local), se origin\u00f3 a una profundidad de 12 kil\u00f3metros, agreg\u00f3 el organismo. Este tipo de movimiento s\u00edsmico [&hellip;]<\/p>\n","protected":false},"author":33,"featured_media":305175,"comment_status":"closed","ping_status":"closed","sticky":false,"template":"","format":"standard","meta":{"footnotes":""},"categories":[8],"tags":[451,448,96],"class_list":{"0":"post-305174","1":"post","2":"type-post","3":"status-publish","4":"format-standard","5":"has-post-thumbnail","7":"category-internacionales","8":"tag-cuba","9":"tag-mundo","10":"tag-sismo"},"_links":{"self":[{"href":"https:\/\/elluchador.info\/index.php?rest_route=\/wp\/v2\/posts\/305174","targetHints":{"allow":["GET"]}}],"collection":[{"href":"https:\/\/elluchador.info\/index.php?rest_route=\/wp\/v2\/posts"}],"about":[{"href":"https:\/\/elluchador.info\/index.php?rest_route=\/wp\/v2\/types\/post"}],"author":[{"embeddable":true,"href":"https:\/\/elluchador.info\/index.php?rest_route=\/wp\/v2\/users\/33"}],"replies":[{"embeddable":true,"href":"https:\/\/elluchador.info\/index.php?rest_route=%2Fwp%2Fv2%2Fcomments&post=305174"}],"version-history":[{"count":1,"href":"https:\/\/elluchador.info\/index.php?rest_route=\/wp\/v2\/posts\/305174\/revisions"}],"predecessor-version":[{"id":305176,"href":"https:\/\/elluchador.info\/index.php?rest_route=\/wp\/v2\/posts\/305174\/revisions\/305176"}],"wp:featuredmedia":[{"embeddable":true,"href":"https:\/\/elluchador.info\/index.php?rest_route=\/wp\/v2\/media\/305175"}],"wp:attachment":[{"href":"https:\/\/elluchador.info\/index.php?rest_route=%2Fwp%2Fv2%2Fmedia&parent=305174"}],"wp:term":[{"taxonomy":"category","embeddable":true,"href":"https:\/\/elluchador.info\/index.php?rest_route=%2Fwp%2Fv2%2Fcategories&post=305174"},{"taxonomy":"post_tag","embeddable":true,"href":"https:\/\/elluchador.info\/index.php?rest_route=%2Fwp%2Fv2%2Ftags&post=305174"}],"curies":[{"name":"wp","href":"https:\/\/api.w.org\/{rel}","templated":true}]}}