{"id":305180,"date":"2026-03-17T10:07:51","date_gmt":"2026-03-17T14:07:51","guid":{"rendered":"https:\/\/elluchador.info\/?p=305180"},"modified":"2026-03-17T10:08:22","modified_gmt":"2026-03-17T14:08:22","slug":"rodriguez-tras-paro-de-transporte-todos-los-sectores-seran-escuchados-sin-excepcion","status":"publish","type":"post","link":"https:\/\/elluchador.info\/?p=305180","title":{"rendered":"Rodr\u00edguez tras paro de transporte: \u00abTodos los sectores ser\u00e1n escuchados sin excepci\u00f3n\u00bb"},"content":{"rendered":"\n<p>La presidenta encargada, Delcy Rodr\u00edguez, se pronunci\u00f3 este lunes tras el paro de transporte registrado en la Gran Caracas y asegur\u00f3 que todos los sectores se escuchar\u00e1n sin excepci\u00f3n.<\/p>\n\n\n\n<p>En una breve intervenci\u00f3n transmitida por el canal estatal VTV, Rodr\u00edguez hizo un llamado a mantener la actividad productiva en el pa\u00eds y a respetar a quienes desean trabajar. Se\u00f1al\u00f3 que quienes intentaron limitar la libertad de circulaci\u00f3n no actuaron de manera correcta, y reiter\u00f3 que cada voz ser\u00e1 atendida.<\/p>\n\n\n\n<p>La mandataria encargada destac\u00f3 que hay un programa de convivencia democr\u00e1tica y paz con el prop\u00f3sito de dialogar con todos los sectores para conocer sus aspiraciones y dificultades.<\/p>\n\n\n\n<p>Asimismo, lament\u00f3 que, en su opini\u00f3n, desde el exterior se contin\u00faen \u201cactivando sectores extremistas\u201d dentro de Venezuela y record\u00f3 la existencia de la Ley de Amnist\u00eda y el citado programa de convivencia, dise\u00f1ados para promover la coexistencia incluso en medio de diferencias.<\/p>\n\n\n\n<p>Rodr\u00edguez subray\u00f3 la importancia de avanzar y reafirm\u00f3 que hay espacio para el di\u00e1logo, el encuentro y la manifestaci\u00f3n de desacuerdos dentro de un marco democr\u00e1tico.<\/p>\n\n\n\n<p>Finalmente, reiter\u00f3 su mensaje de que lo fundamental es que exista un entorno democr\u00e1tico donde todos puedan expresarse y trabajar, con el objetivo de garantizar una Venezuela libre, en desarrollo y con bienestar social para toda la poblaci\u00f3n.<\/p>\n\n\n\n<p>Con informaci\u00f3n <strong><em>Sumarium<\/em><\/strong><\/p>\n","protected":false},"excerpt":{"rendered":"<p>La presidenta encargada, Delcy Rodr\u00edguez, se pronunci\u00f3 este lunes tras el paro de transporte registrado en la Gran Caracas y asegur\u00f3 que todos los sectores se escuchar\u00e1n sin excepci\u00f3n. En una breve intervenci\u00f3n transmitida por el canal estatal VTV, Rodr\u00edguez hizo un llamado a mantener la actividad productiva en el pa\u00eds y a respetar a [&hellip;]<\/p>\n","protected":false},"author":33,"featured_media":305181,"comment_status":"closed","ping_status":"closed","sticky":false,"template":"","format":"standard","meta":{"footnotes":""},"categories":[9],"tags":[500,105],"class_list":{"0":"post-305180","1":"post","2":"type-post","3":"status-publish","4":"format-standard","5":"has-post-thumbnail","7":"category-nacionales","8":"tag-transporte","9":"tag-venezuela"},"_links":{"self":[{"href":"https:\/\/elluchador.info\/index.php?rest_route=\/wp\/v2\/posts\/305180","targetHints":{"allow":["GET"]}}],"collection":[{"href":"https:\/\/elluchador.info\/index.php?rest_route=\/wp\/v2\/posts"}],"about":[{"href":"https:\/\/elluchador.info\/index.php?rest_route=\/wp\/v2\/types\/post"}],"author":[{"embeddable":true,"href":"https:\/\/elluchador.info\/index.php?rest_route=\/wp\/v2\/users\/33"}],"replies":[{"embeddable":true,"href":"https:\/\/elluchador.info\/index.php?rest_route=%2Fwp%2Fv2%2Fcomments&post=305180"}],"version-history":[{"count":1,"href":"https:\/\/elluchador.info\/index.php?rest_route=\/wp\/v2\/posts\/305180\/revisions"}],"predecessor-version":[{"id":305182,"href":"https:\/\/elluchador.info\/index.php?rest_route=\/wp\/v2\/posts\/305180\/revisions\/305182"}],"wp:featuredmedia":[{"embeddable":true,"href":"https:\/\/elluchador.info\/index.php?rest_route=\/wp\/v2\/media\/305181"}],"wp:attachment":[{"href":"https:\/\/elluchador.info\/index.php?rest_route=%2Fwp%2Fv2%2Fmedia&parent=305180"}],"wp:term":[{"taxonomy":"category","embeddable":true,"href":"https:\/\/elluchador.info\/index.php?rest_route=%2Fwp%2Fv2%2Fcategories&post=305180"},{"taxonomy":"post_tag","embeddable":true,"href":"https:\/\/elluchador.info\/index.php?rest_route=%2Fwp%2Fv2%2Ftags&post=305180"}],"curies":[{"name":"wp","href":"https:\/\/api.w.org\/{rel}","templated":true}]}}