{"id":305210,"date":"2026-03-17T11:42:38","date_gmt":"2026-03-17T15:42:38","guid":{"rendered":"https:\/\/elluchador.info\/?p=305210"},"modified":"2026-03-17T11:42:42","modified_gmt":"2026-03-17T15:42:42","slug":"argentina-confirma-su-salida-de-la-oms","status":"publish","type":"post","link":"https:\/\/elluchador.info\/?p=305210","title":{"rendered":"Argentina confirma su salida de la OMS"},"content":{"rendered":"\n<p>El Gobierno argentino oficializ\u00f3 este martes la ruptura definitiva con la Organizaci\u00f3n Mundial de la Salud (OMS), al cumplirse el plazo de un a\u00f1o desde que la administraci\u00f3n de Javier Milei notificara su decisi\u00f3n de abandonar el organismo. La medida, anunciada originalmente en febrero de 2024, se hizo efectiva tras los procedimientos establecidos en la Convenci\u00f3n de Viena.<\/p>\n\n\n\n<p>\u00abArgentina ya no forma parte de la OMS. Hemos recuperado la capacidad de decidir nuestras pol\u00edticas sanitarias sin injerencia externa\u00bb, celebr\u00f3 el canciller Pablo Quirno en una publicaci\u00f3n en la red social X, donde detall\u00f3 los pormenores legales de la desvinculaci\u00f3n. La nota formal de salida hab\u00eda sido entregada el 17 de marzo de 2025 al secretario general de Naciones Unidas, organismo del cual depende la OMS.<\/p>\n\n\n\n<p>La decisi\u00f3n, impulsada personalmente por el presidente Milei bajo su cr\u00edtica recurrente a los organismos multilaterales, se enmarca en una serie de medidas de pol\u00edtica exterior que buscan reducir la participaci\u00f3n argentina en entidades supranacionales. Fuentes de la canciller\u00eda consultadas por este medio se\u00f1alaron que el gobierno considera que la OMS \u00abfue un instrumento de restricciones arbitrarias durante la pandemia\u00bb y que sus recomendaciones \u00abno siempre se ajustaron a las necesidades del pa\u00eds\u00bb.<\/p>\n\n\n\n<p>Sin embargo, el comunicado oficial intent\u00f3 despejar dudas sobre un eventual aislamiento sanitario. Quirno asegur\u00f3 que Argentina \u00abcontinuar\u00e1 promoviendo la cooperaci\u00f3n internacional en salud a trav\u00e9s de acuerdos bilaterales y \u00e1mbitos regionales\u00ab, aunque sin especificar qu\u00e9 mecanismos reemplazar\u00e1n la pertenencia al organismo que coordina respuestas globales ante emergencias epidemiol\u00f3gicas.<\/p>\n\n\n\n<p>Especialistas en salud p\u00fablica advirtieron sobre los riesgos de la medida. \u00abSalir de la OMS no significa solo dejar de pagar una membres\u00eda. Implica perder acceso a sistemas globales de alerta temprana, a cooperaci\u00f3n t\u00e9cnica y a informaci\u00f3n estrat\u00e9gica para la prevenci\u00f3n de enfermedades\u00bb, se\u00f1al\u00f3 a este diario Elena Rodr\u00edguez, investigadora en epidemiolog\u00eda. \u00abEn un mundo interconectado, las fronteras no detienen los virus\u00bb, agreg\u00f3.<\/p>\n\n\n\n<p>La administraci\u00f3n libertaria, no obstante, insiste en que la soberan\u00eda sanitaria no est\u00e1 en discusi\u00f3n y que el pa\u00eds mantendr\u00e1 v\u00ednculos con organismos como la Organizaci\u00f3n Panamericana de la Salud (OPS), aunque sin la mediaci\u00f3n de la OMS. Por lo pronto, Argentina se convierte en uno de los pocos pa\u00edses que han abandonado voluntariamente el organismo en las \u00faltimas d\u00e9cadas, una decisi\u00f3n que ya genera debates en \u00e1mbitos diplom\u00e1ticos y cient\u00edficos.<\/p>\n\n\n\n<p>Con informaci\u00f3n <strong><em>Agencias.-<\/em><\/strong><\/p>\n","protected":false},"excerpt":{"rendered":"<p>El Gobierno argentino oficializ\u00f3 este martes la ruptura definitiva con la Organizaci\u00f3n Mundial de la Salud (OMS), al cumplirse el plazo de un a\u00f1o desde que la administraci\u00f3n de Javier Milei notificara su decisi\u00f3n de abandonar el organismo. La medida, anunciada originalmente en febrero de 2024, se hizo efectiva tras los procedimientos establecidos en la [&hellip;]<\/p>\n","protected":false},"author":33,"featured_media":305211,"comment_status":"closed","ping_status":"closed","sticky":false,"template":"","format":"standard","meta":{"footnotes":""},"categories":[8],"tags":[540,277],"class_list":{"0":"post-305210","1":"post","2":"type-post","3":"status-publish","4":"format-standard","5":"has-post-thumbnail","7":"category-internacionales","8":"tag-argentina","9":"tag-oms"},"_links":{"self":[{"href":"https:\/\/elluchador.info\/index.php?rest_route=\/wp\/v2\/posts\/305210","targetHints":{"allow":["GET"]}}],"collection":[{"href":"https:\/\/elluchador.info\/index.php?rest_route=\/wp\/v2\/posts"}],"about":[{"href":"https:\/\/elluchador.info\/index.php?rest_route=\/wp\/v2\/types\/post"}],"author":[{"embeddable":true,"href":"https:\/\/elluchador.info\/index.php?rest_route=\/wp\/v2\/users\/33"}],"replies":[{"embeddable":true,"href":"https:\/\/elluchador.info\/index.php?rest_route=%2Fwp%2Fv2%2Fcomments&post=305210"}],"version-history":[{"count":1,"href":"https:\/\/elluchador.info\/index.php?rest_route=\/wp\/v2\/posts\/305210\/revisions"}],"predecessor-version":[{"id":305212,"href":"https:\/\/elluchador.info\/index.php?rest_route=\/wp\/v2\/posts\/305210\/revisions\/305212"}],"wp:featuredmedia":[{"embeddable":true,"href":"https:\/\/elluchador.info\/index.php?rest_route=\/wp\/v2\/media\/305211"}],"wp:attachment":[{"href":"https:\/\/elluchador.info\/index.php?rest_route=%2Fwp%2Fv2%2Fmedia&parent=305210"}],"wp:term":[{"taxonomy":"category","embeddable":true,"href":"https:\/\/elluchador.info\/index.php?rest_route=%2Fwp%2Fv2%2Fcategories&post=305210"},{"taxonomy":"post_tag","embeddable":true,"href":"https:\/\/elluchador.info\/index.php?rest_route=%2Fwp%2Fv2%2Ftags&post=305210"}],"curies":[{"name":"wp","href":"https:\/\/api.w.org\/{rel}","templated":true}]}}