{"id":305220,"date":"2026-03-17T12:17:37","date_gmt":"2026-03-17T16:17:37","guid":{"rendered":"https:\/\/elluchador.info\/?p=305220"},"modified":"2026-03-17T12:17:40","modified_gmt":"2026-03-17T16:17:40","slug":"daniel-noboa-niega-supuesto-bombardeo-en-colombia","status":"publish","type":"post","link":"https:\/\/elluchador.info\/?p=305220","title":{"rendered":"Daniel Noboa niega supuesto bombardeo en Colombia"},"content":{"rendered":"\n<p>En un mensaje en redes sociales, el presidente de Ecuador, Daniel Noboa, responde a la denuncia hecha por el presidente colombiano, Gustavo Petro, que afirm\u00f3, durante una reuni\u00f3n con sus ministros, que Colombia estaba siendo bombardeada desde Ecuador.<\/p>\n\n\n\n<p>\u00abSe va a investigar bien los modos, muy en la frontera con Ecuador (sic), ratificando un poco mi sospecha, pero hay que investigar bien, que est\u00e1n bombarde\u00e1ndonos desde Ecuador y no son los grupos armados\u00bb, coment\u00f3 Petro.<\/p>\n\n\n\n<p><strong>Explicaciones de Noboa<\/strong><\/p>\n\n\n\n<p>\u00abPresidente Petro, sus declaraciones son falsas; estamos actuando en nuestro territorio, no en el suyo\u00bb, se\u00f1ala Noboa en su comunicado. Ecuador est\u00e1 \u00abbombardeando los lugares que serv\u00edan de escondite\u00bb para grupos criminales \u00aben gran parte colombianos, que su mismo Gobierno permiti\u00f3 infiltrarse en nuestro pa\u00eds por descuido de su frontera\u00bb, prosigue Noboa en X.<\/p>\n\n\n\n<p>Ecuador y Colombia comparten una frontera de unos 600 km donde circulan guerrillas colombianas y organizaciones criminales de ambos pa\u00edses dedicadas al tr\u00e1fico de drogas, armas, personas y miner\u00eda ilegal. Las acusaciones surgen en medio de una guerra comercial que empez\u00f3 en febrero y afecta a las importaciones, la cooperaci\u00f3n energ\u00e9tica y el transporte de crudo.<\/p>\n\n\n\n<p>Con informaci\u00f3n<strong><em> Agencias.-<\/em><\/strong><\/p>\n","protected":false},"excerpt":{"rendered":"<p>En un mensaje en redes sociales, el presidente de Ecuador, Daniel Noboa, responde a la denuncia hecha por el presidente colombiano, Gustavo Petro, que afirm\u00f3, durante una reuni\u00f3n con sus ministros, que Colombia estaba siendo bombardeada desde Ecuador. \u00abSe va a investigar bien los modos, muy en la frontera con Ecuador (sic), ratificando un poco [&hellip;]<\/p>\n","protected":false},"author":33,"featured_media":305221,"comment_status":"closed","ping_status":"closed","sticky":false,"template":"","format":"standard","meta":{"footnotes":""},"categories":[8],"tags":[397,3000],"class_list":{"0":"post-305220","1":"post","2":"type-post","3":"status-publish","4":"format-standard","5":"has-post-thumbnail","7":"category-internacionales","8":"tag-colombia","9":"tag-noboa"},"_links":{"self":[{"href":"https:\/\/elluchador.info\/index.php?rest_route=\/wp\/v2\/posts\/305220","targetHints":{"allow":["GET"]}}],"collection":[{"href":"https:\/\/elluchador.info\/index.php?rest_route=\/wp\/v2\/posts"}],"about":[{"href":"https:\/\/elluchador.info\/index.php?rest_route=\/wp\/v2\/types\/post"}],"author":[{"embeddable":true,"href":"https:\/\/elluchador.info\/index.php?rest_route=\/wp\/v2\/users\/33"}],"replies":[{"embeddable":true,"href":"https:\/\/elluchador.info\/index.php?rest_route=%2Fwp%2Fv2%2Fcomments&post=305220"}],"version-history":[{"count":1,"href":"https:\/\/elluchador.info\/index.php?rest_route=\/wp\/v2\/posts\/305220\/revisions"}],"predecessor-version":[{"id":305222,"href":"https:\/\/elluchador.info\/index.php?rest_route=\/wp\/v2\/posts\/305220\/revisions\/305222"}],"wp:featuredmedia":[{"embeddable":true,"href":"https:\/\/elluchador.info\/index.php?rest_route=\/wp\/v2\/media\/305221"}],"wp:attachment":[{"href":"https:\/\/elluchador.info\/index.php?rest_route=%2Fwp%2Fv2%2Fmedia&parent=305220"}],"wp:term":[{"taxonomy":"category","embeddable":true,"href":"https:\/\/elluchador.info\/index.php?rest_route=%2Fwp%2Fv2%2Fcategories&post=305220"},{"taxonomy":"post_tag","embeddable":true,"href":"https:\/\/elluchador.info\/index.php?rest_route=%2Fwp%2Fv2%2Ftags&post=305220"}],"curies":[{"name":"wp","href":"https:\/\/api.w.org\/{rel}","templated":true}]}}