{"id":305245,"date":"2026-03-17T17:00:00","date_gmt":"2026-03-17T21:00:00","guid":{"rendered":"https:\/\/elluchador.info\/?p=305245"},"modified":"2026-03-17T16:37:05","modified_gmt":"2026-03-17T20:37:05","slug":"la-vinotinto-ya-tiene-convocatoria-para-la-fifa-series","status":"publish","type":"post","link":"https:\/\/elluchador.info\/?p=305245","title":{"rendered":"La Vinotinto ya tiene convocatoria para la FIFA Series"},"content":{"rendered":"\n<p>La Selecci\u00f3n Nacional de Venezuela, bajo la direcci\u00f3n t\u00e9cnica de Oswaldo Vizcarrondo, ha hecho oficial su lista de convocados para la edici\u00f3n inaugural de la FIFA Series. Este torneo amistoso, impulsado por el m\u00e1ximo ente rector del f\u00fatbol mundial, busca potenciar el roce internacional de las selecciones durante la ventana FIFA del mes de marzo.<\/p>\n\n\n\n<p>Los dirigidos por Owaldo Vizcarrondo debutar\u00e1n ante las selecciones de Trinidad y Tobago (27 de marzo) y Uzbekist\u00e1n (30 de marzo). Ambos partidos se llevar\u00e1n a cabo en suelo uzbeko, justamente en la capital Tashkent y representar\u00e1n el debut de \u00abEl Patr\u00f3n\u00bb como el DT a tiempo completo de La Vinotinto.<\/p>\n\n\n\n<p>\u200bEstos encuentros marcar\u00e1n un hito importante para el f\u00fatbol nacional, ya que representar\u00e1n el estreno oficial de \u00abEl Patr\u00f3n\u00bb Vizcarrondo como director t\u00e9cnico a tiempo completo de la selecci\u00f3n absoluta. El estratega asumir\u00e1 el reto de liderar al grupo en territorio asi\u00e1tico para consolidar su propuesta futbol\u00edstica.<\/p>\n\n\n\n<p><strong>Convocados:<\/strong><br>Porteros (4): Jos\u00e9 Contreras, Cristopher Varela, Jes\u00fas Camargo y Frankarlos Ben\u00edtez<br>Defensas (8): Jon Aramburu, Carlos \u00abPipo\u00bb Vivas, Nahuel Ferraresi, Andrusw Araujo, Teo Quintero, Delvin Alfonzo, Luis Balbo y Diego Os\u00edo.<br>Mediocampistas (12): Christian C\u00e1seres, Jorge Yriarte, Gustavo Gonz\u00e1lez, Carlos Faya, Gleiker Mendoza, Telasco Segovia, Jefferson Savarino, Carlos Sosa, Keiber Lamadrid, David Mart\u00ednez, Wikelman Carmona y Luis \u00abCariaco\u00bb Gonz\u00e1lez.<br>Delanteros (4): Jes\u00fas Ram\u00edrez, Alejandro Marqu\u00e9s, Jos\u00e9 Salom\u00f3n Rond\u00f3n y Jovanny Bol\u00edvar.<\/p>\n\n\n\n<p>Las ausencias m\u00e1s notables son las de Yangel Herrera y Daniel Pereira por temas de lesi\u00f3n, y Ender Echenique y \u00c1ngel Azuaje por documentaci\u00f3n.<\/p>\n\n\n\n<p>De igual modo, alab\u00f3 la presencia de Andrusw Araujo, \u00abes un jugador que nos llam\u00f3 bastante la atenci\u00f3n, entiendo que tiene la cualidad de que en su club se desarrolla como un pivote\u2026 en el an\u00e1lisis que hicimos, entendimos que tambi\u00e9n puede aportar como central\u00bb.<\/p>\n\n\n\n<p>No obstante, reiter\u00f3 su mensaje de sudar la camiseta y demostrar compromiso al jugar con la selecci\u00f3n nacional: \u00abel jugador de selecci\u00f3n debe ser distinto, es un privilegio y que ellos \u2014los m\u00e1s veteranos\u2014 lo entienden y lo van a transmitir en el d\u00eda a d\u00eda\u00bb.<\/p>\n\n\n\n<p>Con informaci\u00f3n de <strong>agencia<\/strong><\/p>\n","protected":false},"excerpt":{"rendered":"<p>La Selecci\u00f3n Nacional de Venezuela, bajo la direcci\u00f3n t\u00e9cnica de Oswaldo Vizcarrondo, ha hecho oficial su lista de convocados para la edici\u00f3n inaugural de la FIFA Series. Este torneo amistoso, impulsado por el m\u00e1ximo ente rector del f\u00fatbol mundial, busca potenciar el roce internacional de las selecciones durante la ventana FIFA del mes de marzo. [&hellip;]<\/p>\n","protected":false},"author":38,"featured_media":305246,"comment_status":"closed","ping_status":"closed","sticky":false,"template":"","format":"standard","meta":{"footnotes":""},"categories":[4],"tags":[448,105],"class_list":{"0":"post-305245","1":"post","2":"type-post","3":"status-publish","4":"format-standard","5":"has-post-thumbnail","7":"category-deportes","8":"tag-mundo","9":"tag-venezuela"},"_links":{"self":[{"href":"https:\/\/elluchador.info\/index.php?rest_route=\/wp\/v2\/posts\/305245","targetHints":{"allow":["GET"]}}],"collection":[{"href":"https:\/\/elluchador.info\/index.php?rest_route=\/wp\/v2\/posts"}],"about":[{"href":"https:\/\/elluchador.info\/index.php?rest_route=\/wp\/v2\/types\/post"}],"author":[{"embeddable":true,"href":"https:\/\/elluchador.info\/index.php?rest_route=\/wp\/v2\/users\/38"}],"replies":[{"embeddable":true,"href":"https:\/\/elluchador.info\/index.php?rest_route=%2Fwp%2Fv2%2Fcomments&post=305245"}],"version-history":[{"count":1,"href":"https:\/\/elluchador.info\/index.php?rest_route=\/wp\/v2\/posts\/305245\/revisions"}],"predecessor-version":[{"id":305247,"href":"https:\/\/elluchador.info\/index.php?rest_route=\/wp\/v2\/posts\/305245\/revisions\/305247"}],"wp:featuredmedia":[{"embeddable":true,"href":"https:\/\/elluchador.info\/index.php?rest_route=\/wp\/v2\/media\/305246"}],"wp:attachment":[{"href":"https:\/\/elluchador.info\/index.php?rest_route=%2Fwp%2Fv2%2Fmedia&parent=305245"}],"wp:term":[{"taxonomy":"category","embeddable":true,"href":"https:\/\/elluchador.info\/index.php?rest_route=%2Fwp%2Fv2%2Fcategories&post=305245"},{"taxonomy":"post_tag","embeddable":true,"href":"https:\/\/elluchador.info\/index.php?rest_route=%2Fwp%2Fv2%2Ftags&post=305245"}],"curies":[{"name":"wp","href":"https:\/\/api.w.org\/{rel}","templated":true}]}}