{"id":305310,"date":"2026-03-18T13:37:03","date_gmt":"2026-03-18T17:37:03","guid":{"rendered":"https:\/\/elluchador.info\/?p=305310"},"modified":"2026-03-18T13:37:06","modified_gmt":"2026-03-18T17:37:06","slug":"reinaldo-armas-regresa-a-venezuela-tras-complicacion-de-salud","status":"publish","type":"post","link":"https:\/\/elluchador.info\/?p=305310","title":{"rendered":"Reinaldo Armas regresa a Venezuela tras complicaci\u00f3n de salud"},"content":{"rendered":"\n<p>La oficina de prensa del reconocido exponente de la m\u00fasica llanera, Reynaldo Armas, inform\u00f3 que el cantautor se encuentra en Venezuela tras superar un delicado proceso de salud.<\/p>\n\n\n\n<p>El artista permaneci\u00f3 hospitalizado aproximadamente 30 d\u00edas en la Fundaci\u00f3n Santa Fe de Bogot\u00e1, Colombia. All\u00ed recibi\u00f3 atenci\u00f3n especializada, incluyendo algunos d\u00edas en la Unidad de Cuidados Intensivos (UCI).<\/p>\n\n\n\n<p>De acuerdo con el comunicado, se pudo conocer que, gracias a la intervenci\u00f3n oportuna del equipo m\u00e9dico y al acompa\u00f1amiento de sus familiares cercanos, Reynaldo Armas logr\u00f3 superar satisfactoriamente esta etapa cr\u00edtica de salud.<\/p>\n\n\n\n<p>\u00abEl maestro logr\u00f3 superar satisfactoriamente esta dif\u00edcil etapa\u00bb, destaca el comunicado, al tiempo que tambi\u00e9n detalla que actualmente el cantante se encuentra bajo estricto cumplimiento del tratamiento y las recomendaciones para su completa recuperaci\u00f3n.<\/p>\n\n\n\n<p>Asimismo, el equipo del artista expres\u00f3 su gratitud por las muestras de afecto recibidas desde diversos pa\u00edses. Al respecto, se\u00f1alaron: \u00abAgradecemos profundamente las oraciones, mensajes de cari\u00f1o y muestras de apoyo de sus seguidores, colegas y amigos\u00bb.<\/p>\n\n\n\n<p>Con informaci\u00f3n <strong><em>El Universal<\/em><\/strong><\/p>\n","protected":false},"excerpt":{"rendered":"<p>La oficina de prensa del reconocido exponente de la m\u00fasica llanera, Reynaldo Armas, inform\u00f3 que el cantautor se encuentra en Venezuela tras superar un delicado proceso de salud. El artista permaneci\u00f3 hospitalizado aproximadamente 30 d\u00edas en la Fundaci\u00f3n Santa Fe de Bogot\u00e1, Colombia. All\u00ed recibi\u00f3 atenci\u00f3n especializada, incluyendo algunos d\u00edas en la Unidad de Cuidados [&hellip;]<\/p>\n","protected":false},"author":33,"featured_media":305311,"comment_status":"closed","ping_status":"closed","sticky":false,"template":"","format":"standard","meta":{"footnotes":""},"categories":[7],"tags":[1068,6738,105],"class_list":{"0":"post-305310","1":"post","2":"type-post","3":"status-publish","4":"format-standard","5":"has-post-thumbnail","7":"category-entretenimiento","8":"tag-armas","9":"tag-reinaldo","10":"tag-venezuela"},"_links":{"self":[{"href":"https:\/\/elluchador.info\/index.php?rest_route=\/wp\/v2\/posts\/305310","targetHints":{"allow":["GET"]}}],"collection":[{"href":"https:\/\/elluchador.info\/index.php?rest_route=\/wp\/v2\/posts"}],"about":[{"href":"https:\/\/elluchador.info\/index.php?rest_route=\/wp\/v2\/types\/post"}],"author":[{"embeddable":true,"href":"https:\/\/elluchador.info\/index.php?rest_route=\/wp\/v2\/users\/33"}],"replies":[{"embeddable":true,"href":"https:\/\/elluchador.info\/index.php?rest_route=%2Fwp%2Fv2%2Fcomments&post=305310"}],"version-history":[{"count":1,"href":"https:\/\/elluchador.info\/index.php?rest_route=\/wp\/v2\/posts\/305310\/revisions"}],"predecessor-version":[{"id":305312,"href":"https:\/\/elluchador.info\/index.php?rest_route=\/wp\/v2\/posts\/305310\/revisions\/305312"}],"wp:featuredmedia":[{"embeddable":true,"href":"https:\/\/elluchador.info\/index.php?rest_route=\/wp\/v2\/media\/305311"}],"wp:attachment":[{"href":"https:\/\/elluchador.info\/index.php?rest_route=%2Fwp%2Fv2%2Fmedia&parent=305310"}],"wp:term":[{"taxonomy":"category","embeddable":true,"href":"https:\/\/elluchador.info\/index.php?rest_route=%2Fwp%2Fv2%2Fcategories&post=305310"},{"taxonomy":"post_tag","embeddable":true,"href":"https:\/\/elluchador.info\/index.php?rest_route=%2Fwp%2Fv2%2Ftags&post=305310"}],"curies":[{"name":"wp","href":"https:\/\/api.w.org\/{rel}","templated":true}]}}