{"id":308753,"date":"2026-04-26T08:15:00","date_gmt":"2026-04-26T12:15:00","guid":{"rendered":"https:\/\/elluchador.info\/?p=308753"},"modified":"2026-04-26T08:09:33","modified_gmt":"2026-04-26T12:09:33","slug":"lideres-internacionales-condenan-el-ataque-en-la-cena-de-corresponsales","status":"publish","type":"post","link":"https:\/\/elluchador.info\/?p=308753","title":{"rendered":"L\u00edderes internacionales condenan el ataque en la Cena de Corresponsales"},"content":{"rendered":"\n<p>La comunidad internacional y diversos sectores de la pol\u00edtica estadounidense han expresado un rechazo un\u00e1nime tras el ataque perpetrado durante la reciente Cena de Corresponsales de la Casa Blanca. El hecho, que oblig\u00f3 a una evacuaci\u00f3n de emergencia del presidente Donald Trump, la Primera Dama Melania Trump y todo el Gabinete, ha generado una respuesta de unidad inusual, trascendiendo las diferencias ideol\u00f3gicas.<\/p>\n\n\n\n<p>\u200bL\u00edderes de todo el mundo han condenado este acto, calific\u00e1ndolo como un ataque directo contra los valores democr\u00e1ticos y la libertad de prensa.<\/p>\n\n\n\n<p>\u200bEntre las primeras reacciones, el presidente de Argentina, Javier Milei, y el primer ministro de Israel, Benjamin Netanyahu, celebraron que el mandatario estadounidense resultara ileso. Netanyahu, en nombre propio y de su esposa Sara, expres\u00f3: \u201cNos alivia saber que el presidente y la primera dama se encuentran bien y a salvo. Enviamos nuestros mejores deseos de una pronta y completa recuperaci\u00f3n al agente de polic\u00eda herido y felicitamos al Servicio Secreto de los Estados Unidos por su r\u00e1pida y decidida actuaci\u00f3n\u201d.<\/p>\n\n\n\n<p>\u200bPor su parte, la primera ministra de Italia, Giorgia Meloni, envi\u00f3 su \u201cplena solidaridad\u201d y \u201cm\u00e1s sincero afecto\u201d al matrimonio Trump y al vicepresidente JD Vance. Meloni fue enf\u00e1tica al se\u00f1alar: \u201cNing\u00fan odio pol\u00edtico puede encontrar espacio en nuestras democracias. No permitiremos que el fanatismo envenene los lugares del libre debate y de la informaci\u00f3n\u201d.<\/p>\n\n\n\n<p><strong>\u200bCondena desde la oposici\u00f3n y aliados europeos<\/strong><br>\u200bEl mensaje de repulsa no se ha limitado al c\u00edrculo cercano del presidente. El gobernador de California, el dem\u00f3crata Gavin Newsom, se sum\u00f3 a las muestras de apoyo, subrayando que \u201cla prensa libre es fundamental en este pa\u00eds y la violencia nunca es aceptable\u201d.<\/p>\n\n\n\n<p>\u200bLas instituciones europeas tambi\u00e9n se han pronunciado con contundencia. La presidenta de la Comisi\u00f3n Europea, Ursula von der Leyen, junto a la jefa diplom\u00e1tica, Kaja Kallas, reiteraron que \u201cla violencia pol\u00edtica no tiene cabida en una democracia\u201d, enfatizando que un evento destinado a honrar la libertad de prensa no deber\u00eda ser escenario de miedo.<\/p>\n\n\n\n<p>\u200bEn la misma l\u00ednea se manifestaron otros l\u00edderes europeos:<br>\u200bPedro S\u00e1nchez (Espa\u00f1a): Destac\u00f3 que \u201cla violencia nunca es el camino\u201d y que la humanidad debe avanzar a trav\u00e9s de la paz y la convivencia.<\/p>\n\n\n\n<p>\u200bKeir Starmer (Reino Unido): Se declar\u00f3 \u201cconsternado\u201d y denunci\u00f3 que cualquier ataque a las instituciones democr\u00e1ticas o a la libertad de prensa debe ser condenado \u201cen los t\u00e9rminos m\u00e1s en\u00e9rgicos\u201d.<\/p>\n\n\n\n<p>\u200bEmmanuel Macron (Francia): Calific\u00f3 el ataque armado como \u201cinaceptable\u201d y reafirm\u00f3 su apoyo total al presidente Trump.<\/p>\n\n\n\n<p>\u200bUlf Kristersson (Suecia): Advirti\u00f3 que \u201cla violencia y las amenazas contra pol\u00edticos y periodistas socavan la democracia\u201d y traslad\u00f3 sus pensamientos a los afectados, incluidos los periodistas suecos presentes en la cena.<\/p>\n\n\n\n<p>\u200b<strong>Un contexto de creciente preocupaci\u00f3n<\/strong><br>\u200bEl ataque de anoche ha reavivado la preocupaci\u00f3n sobre la seguridad y el clima pol\u00edtico en Estados Unidos, recordando el intento fallido de asesinato contra el presidente Trump en 2024, durante un mitin en Pensilvania. Los l\u00edderes internacionales han aprovechado esta ocasi\u00f3n para hacer un frente com\u00fan contra el auge de la violencia pol\u00edtica, insistiendo en la protecci\u00f3n de los valores fundamentales que sostienen a las naciones democr\u00e1ticas.<br>\u200b<br>Con informaci\u00f3n de <strong>agencias<\/strong><\/p>\n","protected":false},"excerpt":{"rendered":"<p>La comunidad internacional y diversos sectores de la pol\u00edtica estadounidense han expresado un rechazo un\u00e1nime tras el ataque perpetrado durante la reciente Cena de Corresponsales de la Casa Blanca. El hecho, que oblig\u00f3 a una evacuaci\u00f3n de emergencia del presidente Donald Trump, la Primera Dama Melania Trump y todo el Gabinete, ha generado una respuesta [&hellip;]<\/p>\n","protected":false},"author":38,"featured_media":308754,"comment_status":"closed","ping_status":"closed","sticky":false,"template":"","format":"standard","meta":{"footnotes":""},"categories":[8],"tags":[448],"class_list":{"0":"post-308753","1":"post","2":"type-post","3":"status-publish","4":"format-standard","5":"has-post-thumbnail","7":"category-internacionales","8":"tag-mundo"},"_links":{"self":[{"href":"https:\/\/elluchador.info\/index.php?rest_route=\/wp\/v2\/posts\/308753","targetHints":{"allow":["GET"]}}],"collection":[{"href":"https:\/\/elluchador.info\/index.php?rest_route=\/wp\/v2\/posts"}],"about":[{"href":"https:\/\/elluchador.info\/index.php?rest_route=\/wp\/v2\/types\/post"}],"author":[{"embeddable":true,"href":"https:\/\/elluchador.info\/index.php?rest_route=\/wp\/v2\/users\/38"}],"replies":[{"embeddable":true,"href":"https:\/\/elluchador.info\/index.php?rest_route=%2Fwp%2Fv2%2Fcomments&post=308753"}],"version-history":[{"count":1,"href":"https:\/\/elluchador.info\/index.php?rest_route=\/wp\/v2\/posts\/308753\/revisions"}],"predecessor-version":[{"id":308755,"href":"https:\/\/elluchador.info\/index.php?rest_route=\/wp\/v2\/posts\/308753\/revisions\/308755"}],"wp:featuredmedia":[{"embeddable":true,"href":"https:\/\/elluchador.info\/index.php?rest_route=\/wp\/v2\/media\/308754"}],"wp:attachment":[{"href":"https:\/\/elluchador.info\/index.php?rest_route=%2Fwp%2Fv2%2Fmedia&parent=308753"}],"wp:term":[{"taxonomy":"category","embeddable":true,"href":"https:\/\/elluchador.info\/index.php?rest_route=%2Fwp%2Fv2%2Fcategories&post=308753"},{"taxonomy":"post_tag","embeddable":true,"href":"https:\/\/elluchador.info\/index.php?rest_route=%2Fwp%2Fv2%2Ftags&post=308753"}],"curies":[{"name":"wp","href":"https:\/\/api.w.org\/{rel}","templated":true}]}}