{"id":308782,"date":"2026-04-26T10:45:00","date_gmt":"2026-04-26T14:45:00","guid":{"rendered":"https:\/\/elluchador.info\/?p=308782"},"modified":"2026-04-26T10:40:59","modified_gmt":"2026-04-26T14:40:59","slug":"exoneracion-del-iva-impulsa-expectativas-de-reactivacion-economica-en-paraguana","status":"publish","type":"post","link":"https:\/\/elluchador.info\/?p=308782","title":{"rendered":"Exoneraci\u00f3n del IVA impulsa expectativas de reactivaci\u00f3n econ\u00f3mica en Paraguan\u00e1"},"content":{"rendered":"\n<p>La reciente extensi\u00f3n de la exoneraci\u00f3n del Impuesto al Valor Agregado (IVA), establecida mediante el Decreto N\u00b0 5.293, ha sido recibida con optimismo por los gremios econ\u00f3micos del estado Falc\u00f3n. Representantes de los sectores mar\u00edtimo y de la construcci\u00f3n coinciden en que esta medida representa una oportunidad estrat\u00e9gica para potenciar la actividad comercial y reactivar la Zona Libre de Paraguan\u00e1.<\/p>\n\n\n\n<p>\u200bEl decreto, publicado en Gaceta Oficial el pasado 20 de marzo, exonera del pago del IVA a las mercanc\u00edas que formen parte del equipaje de los pasajeros provenientes tanto de la Zona Libre de Paraguan\u00e1 como del Puerto Libre de Nueva Esparta, facilitando as\u00ed el flujo de bienes y servicios hacia la regi\u00f3n.<\/p>\n\n\n\n<p>\u200bPara los empresarios locales, esta normativa es un paso necesario para recuperar el dinamismo de la zona. Juan D\u00edaz, empresario del sector naviero, destac\u00f3 que el impacto positivo de esta medida se reflejar\u00e1 directamente en la reactivaci\u00f3n comercial.<\/p>\n\n\n\n<p>\u200b\u00abEl objetivo final de esta exoneraci\u00f3n es la dinamizaci\u00f3n del intercambio comercial a trav\u00e9s de la zona libre de la regi\u00f3n\u00bb, se\u00f1al\u00f3 D\u00edaz, quien enfatiz\u00f3 la importancia del transporte mar\u00edtimo en este ecosistema econ\u00f3mico.<\/p>\n\n\n\n<p>\u200bPor su parte, el sector de la construcci\u00f3n, pilar fundamental para el desarrollo de la infraestructura regional, ha expresado su respaldo a la iniciativa, aunque manteniendo una postura cautelosa sobre su implementaci\u00f3n.<\/p>\n\n\n\n<p>Orlando D\u00e1vila, presidente de la C\u00e1mara de la Construcci\u00f3n en Falc\u00f3n, valor\u00f3 el inicio de esta nueva etapa:<br>\u200b\u00abEs un punto importante y un avance dar estos primeros pasos para retomar la econom\u00eda de la zona libre de Paraguan\u00e1. Hay ciertos puntos que hay que corregir todav\u00eda, a pesar de que vemos con buenos ojos este inicio\u00bb, asever\u00f3 D\u00e1vila.<\/p>\n\n\n\n<p>\u200bLa expectativa de los gremios es que esta medida de alivio fiscal permita un movimiento econ\u00f3mico sostenido que beneficie no solo a los comerciantes, sino tambi\u00e9n a la cadena de servicios asociada, consolidando a Paraguan\u00e1 como un epicentro de intercambio comercial en el pa\u00eds.<\/p>\n\n\n\n<p>\u200bLos gremios se mantienen atentos al desarrollo del decreto y a la resoluci\u00f3n de los puntos pendientes, con la mirada puesta en trabajar de la mano con las autoridades para maximizar los beneficios de esta reactivaci\u00f3n.<br>\u200b<br>Con informaci\u00f3n de <strong>agencias<\/strong><\/p>\n","protected":false},"excerpt":{"rendered":"<p>La reciente extensi\u00f3n de la exoneraci\u00f3n del Impuesto al Valor Agregado (IVA), establecida mediante el Decreto N\u00b0 5.293, ha sido recibida con optimismo por los gremios econ\u00f3micos del estado Falc\u00f3n. Representantes de los sectores mar\u00edtimo y de la construcci\u00f3n coinciden en que esta medida representa una oportunidad estrat\u00e9gica para potenciar la actividad comercial y reactivar [&hellip;]<\/p>\n","protected":false},"author":38,"featured_media":308783,"comment_status":"closed","ping_status":"closed","sticky":false,"template":"","format":"standard","meta":{"footnotes":""},"categories":[6],"tags":[105],"class_list":{"0":"post-308782","1":"post","2":"type-post","3":"status-publish","4":"format-standard","5":"has-post-thumbnail","7":"category-economia","8":"tag-venezuela"},"_links":{"self":[{"href":"https:\/\/elluchador.info\/index.php?rest_route=\/wp\/v2\/posts\/308782","targetHints":{"allow":["GET"]}}],"collection":[{"href":"https:\/\/elluchador.info\/index.php?rest_route=\/wp\/v2\/posts"}],"about":[{"href":"https:\/\/elluchador.info\/index.php?rest_route=\/wp\/v2\/types\/post"}],"author":[{"embeddable":true,"href":"https:\/\/elluchador.info\/index.php?rest_route=\/wp\/v2\/users\/38"}],"replies":[{"embeddable":true,"href":"https:\/\/elluchador.info\/index.php?rest_route=%2Fwp%2Fv2%2Fcomments&post=308782"}],"version-history":[{"count":1,"href":"https:\/\/elluchador.info\/index.php?rest_route=\/wp\/v2\/posts\/308782\/revisions"}],"predecessor-version":[{"id":308784,"href":"https:\/\/elluchador.info\/index.php?rest_route=\/wp\/v2\/posts\/308782\/revisions\/308784"}],"wp:featuredmedia":[{"embeddable":true,"href":"https:\/\/elluchador.info\/index.php?rest_route=\/wp\/v2\/media\/308783"}],"wp:attachment":[{"href":"https:\/\/elluchador.info\/index.php?rest_route=%2Fwp%2Fv2%2Fmedia&parent=308782"}],"wp:term":[{"taxonomy":"category","embeddable":true,"href":"https:\/\/elluchador.info\/index.php?rest_route=%2Fwp%2Fv2%2Fcategories&post=308782"},{"taxonomy":"post_tag","embeddable":true,"href":"https:\/\/elluchador.info\/index.php?rest_route=%2Fwp%2Fv2%2Ftags&post=308782"}],"curies":[{"name":"wp","href":"https:\/\/api.w.org\/{rel}","templated":true}]}}