{"id":308796,"date":"2026-04-26T12:37:00","date_gmt":"2026-04-26T16:37:00","guid":{"rendered":"https:\/\/elluchador.info\/?p=308796"},"modified":"2026-04-26T12:18:52","modified_gmt":"2026-04-26T16:18:52","slug":"venezuela-condena-atroz-atentado-en-el-cauca-colombia","status":"publish","type":"post","link":"https:\/\/elluchador.info\/?p=308796","title":{"rendered":"Venezuela condena atroz atentado en el Cauca Colombia"},"content":{"rendered":"\n<p>El Gobierno de la Rep\u00fablica Bolivariana de Venezuela, a trav\u00e9s de la presidenta encargada, Delcy Rodr\u00edguez, expres\u00f3 hoy su m\u00e1s en\u00e9rgica condena ante el atroz atentado terrorista perpetrado el pasado s\u00e1bado 25 de abril en el sector \u00abEl T\u00fanel\u00bb, ubicado en el municipio de Cajib\u00edo, departamento del Cauca, Colombia.<\/p>\n\n\n\n<p>\u200bEl pronunciamiento oficial fue difundido por el canciller de la Rep\u00fablica, Yv\u00e1n Gil, a trav\u00e9s de su canal oficial en Telegram. En el comunicado, el Ejecutivo Nacional calific\u00f3 el suceso como un \u00abhecho criminal\u00bb que ha segado la vida de ciudadanos inocentes y ha dejado a un n\u00famero considerable de personas heridas.<\/p>\n\n\n\n<p>\u200bEl texto subraya que este ataque representa una \u00abflagrante violaci\u00f3n contra el derecho a la vida de la poblaci\u00f3n\u00bb, al tiempo que lo categoriza como un ataque directo a la paz y a la estabilidad de la naci\u00f3n neogranadina.<\/p>\n\n\n\n<p>\u200bEl Gobierno venezolano, en su comunicado, se solidariza con las v\u00edctimas y las familias afectadas por este acto de violencia, reafirmando su compromiso con la paz en la regi\u00f3n.<\/p>\n\n\n\n<p><strong>A continuaci\u00f3n, texto completo del comunicado:<\/strong><\/p>\n\n\n\n<p>Rep\u00fablica Bolivariana de Venezuela<\/p>\n\n\n\n<p>Comunicado<\/p>\n\n\n\n<p>La Presidenta Encargada de la Rep\u00fablica Bolivariana de Venezuela, Delcy Rodr\u00edguez G\u00f3mez, en nombre del Gobierno y el pueblo venezolano, expresa su m\u00e1s en\u00e9rgica condena ante el atroz atentado terrorista perpetrado el d\u00eda de hoy, 25 de abril de 2026, en el sector \u00abEl T\u00fanel\u00bb del municipio de Cajib\u00edo, sobre la v\u00eda Panamericana, departamento del Cauca.<\/p>\n\n\n\n<p>Este acto de violencia criminal, que ha segado la vida de ciudadanos inocentes y dejado numerosos heridos, constituye una flagrante violaci\u00f3n contra el derecho a la vida de la poblaci\u00f3n y un ataque directo contra la paz y la estabilidad de la hermana Rep\u00fablica de Colombia.<\/p>\n\n\n\n<p>Hacemos llegar nuestras m\u00e1s sentidas condolencias a los familiares de las v\u00edctimas fatales y elevamos nuestros votos por la pronta recuperaci\u00f3n de los heridos.<\/p>\n\n\n\n<p>Caracas, 25 de abril de 2026.<\/p>\n\n\n\n<p>Con informaci\u00f3n de <strong>agencias<\/strong><\/p>\n\n\n\n<p><\/p>\n","protected":false},"excerpt":{"rendered":"<p>El Gobierno de la Rep\u00fablica Bolivariana de Venezuela, a trav\u00e9s de la presidenta encargada, Delcy Rodr\u00edguez, expres\u00f3 hoy su m\u00e1s en\u00e9rgica condena ante el atroz atentado terrorista perpetrado el pasado s\u00e1bado 25 de abril en el sector \u00abEl T\u00fanel\u00bb, ubicado en el municipio de Cajib\u00edo, departamento del Cauca, Colombia. \u200bEl pronunciamiento oficial fue difundido por [&hellip;]<\/p>\n","protected":false},"author":38,"featured_media":308797,"comment_status":"closed","ping_status":"closed","sticky":false,"template":"","format":"standard","meta":{"footnotes":""},"categories":[11],"tags":[105],"class_list":{"0":"post-308796","1":"post","2":"type-post","3":"status-publish","4":"format-standard","5":"has-post-thumbnail","7":"category-politica","8":"tag-venezuela"},"_links":{"self":[{"href":"https:\/\/elluchador.info\/index.php?rest_route=\/wp\/v2\/posts\/308796","targetHints":{"allow":["GET"]}}],"collection":[{"href":"https:\/\/elluchador.info\/index.php?rest_route=\/wp\/v2\/posts"}],"about":[{"href":"https:\/\/elluchador.info\/index.php?rest_route=\/wp\/v2\/types\/post"}],"author":[{"embeddable":true,"href":"https:\/\/elluchador.info\/index.php?rest_route=\/wp\/v2\/users\/38"}],"replies":[{"embeddable":true,"href":"https:\/\/elluchador.info\/index.php?rest_route=%2Fwp%2Fv2%2Fcomments&post=308796"}],"version-history":[{"count":1,"href":"https:\/\/elluchador.info\/index.php?rest_route=\/wp\/v2\/posts\/308796\/revisions"}],"predecessor-version":[{"id":308798,"href":"https:\/\/elluchador.info\/index.php?rest_route=\/wp\/v2\/posts\/308796\/revisions\/308798"}],"wp:featuredmedia":[{"embeddable":true,"href":"https:\/\/elluchador.info\/index.php?rest_route=\/wp\/v2\/media\/308797"}],"wp:attachment":[{"href":"https:\/\/elluchador.info\/index.php?rest_route=%2Fwp%2Fv2%2Fmedia&parent=308796"}],"wp:term":[{"taxonomy":"category","embeddable":true,"href":"https:\/\/elluchador.info\/index.php?rest_route=%2Fwp%2Fv2%2Fcategories&post=308796"},{"taxonomy":"post_tag","embeddable":true,"href":"https:\/\/elluchador.info\/index.php?rest_route=%2Fwp%2Fv2%2Ftags&post=308796"}],"curies":[{"name":"wp","href":"https:\/\/api.w.org\/{rel}","templated":true}]}}