{"id":308799,"date":"2026-04-26T12:43:00","date_gmt":"2026-04-26T16:43:00","guid":{"rendered":"https:\/\/elluchador.info\/?p=308799"},"modified":"2026-04-26T12:25:53","modified_gmt":"2026-04-26T16:25:53","slug":"gabriela-simoza-asume-el-viceministerio-y-la-fundacion-mision-cultura","status":"publish","type":"post","link":"https:\/\/elluchador.info\/?p=308799","title":{"rendered":"Gabriela Simoza asume el Viceministerio y la Fundaci\u00f3n Misi\u00f3n Cultura"},"content":{"rendered":"\n<p>La presidenta encargada de la Rep\u00fablica, Delcy Rodr\u00edguez, anunci\u00f3 formalmente el nombramiento de Gabriela Alejandra Simoza Romero como la nueva Viceministra de Cultura del pa\u00eds. En el marco de este ajuste institucional, la funcionaria asumir\u00e1 de manera simult\u00e1nea la Direcci\u00f3n General de la Fundaci\u00f3n Misi\u00f3n Cultura, con el prop\u00f3sito de optimizar y fortalecer la gesti\u00f3n cultural en todo el territorio nacional.<\/p>\n\n\n\n<p>Gabriela Simoza Romero posee una s\u00f3lida formaci\u00f3n acad\u00e9mica como licenciada en Artes, complementada con un diplomado en Comunicaci\u00f3n Pol\u00edtica. Su experiencia en el servicio p\u00fablico es amplia, destac\u00e1ndose por su paso como diputada por el estado Miranda, alcaldesa del municipio Urdaneta y Autoridad \u00danica de Cultura en la misma entidad federal. Esta trayectoria le otorga las competencias necesarias para liderar los desaf\u00edos del sector cultural desde una perspectiva de gesti\u00f3n p\u00fablica y legislativa.<\/p>\n\n\n\n<p>La gesti\u00f3n de Simoza se enfocar\u00e1 en dar continuidad y seguimiento a las pol\u00edticas de Estado orientadas a la sensibilizaci\u00f3n social. Entre sus metas principales se encuentra la consolidaci\u00f3n del v\u00ednculo estrat\u00e9gico entre la cultura, la educaci\u00f3n y la recreaci\u00f3n, bajo los principios de participaci\u00f3n e inclusi\u00f3n enmarcados en el Plan de la Patria.<\/p>\n\n\n\n<p>\u200bAsimismo, la nueva viceministra asumir\u00e1 el liderazgo de la plataforma nacional de las artes esc\u00e9nicas y musicales. Esta responsabilidad busca garantizar la coherencia y eficiencia en la ejecuci\u00f3n de proyectos que promuevan el talento nacional, asegurando que todos los ciudadanos tengan acceso a las diversas manifestaciones art\u00edsticas a lo largo y ancho del pa\u00eds.<\/p>\n\n\n\n<p><strong>\u200bReconocimiento a la gesti\u00f3n saliente<\/strong><br>El Ejecutivo Nacional hizo un reconocimiento especial al desempe\u00f1o de Karen Victoria Mill\u00e1n Alejos, quien estuvo al frente del despacho hasta la fecha. Las autoridades expresaron su gratitud por su dedicaci\u00f3n, entrega y los aportes significativos realizados durante su gesti\u00f3n en el Ministerio del Poder Popular para la Cultura.<\/p>\n\n\n\n<p>Con este movimiento en el gabinete, el Gobierno Nacional reafirma su compromiso de renovar las estrategias de atenci\u00f3n cultural y potenciar la estructura de las misiones sociales. Gabriela Simoza Romero inicia sus funciones de manera inmediata, con el objetivo de dar continuidad a la agenda ministerial y fortalecer el tejido cultural del pa\u00eds.<\/p>\n\n\n\n<p>Con informaci\u00f3n de <strong>agencias<\/strong><\/p>\n\n\n\n<p><\/p>\n","protected":false},"excerpt":{"rendered":"<p>La presidenta encargada de la Rep\u00fablica, Delcy Rodr\u00edguez, anunci\u00f3 formalmente el nombramiento de Gabriela Alejandra Simoza Romero como la nueva Viceministra de Cultura del pa\u00eds. En el marco de este ajuste institucional, la funcionaria asumir\u00e1 de manera simult\u00e1nea la Direcci\u00f3n General de la Fundaci\u00f3n Misi\u00f3n Cultura, con el prop\u00f3sito de optimizar y fortalecer la gesti\u00f3n [&hellip;]<\/p>\n","protected":false},"author":38,"featured_media":308800,"comment_status":"closed","ping_status":"closed","sticky":false,"template":"","format":"standard","meta":{"footnotes":""},"categories":[11],"tags":[105],"class_list":{"0":"post-308799","1":"post","2":"type-post","3":"status-publish","4":"format-standard","5":"has-post-thumbnail","7":"category-politica","8":"tag-venezuela"},"_links":{"self":[{"href":"https:\/\/elluchador.info\/index.php?rest_route=\/wp\/v2\/posts\/308799","targetHints":{"allow":["GET"]}}],"collection":[{"href":"https:\/\/elluchador.info\/index.php?rest_route=\/wp\/v2\/posts"}],"about":[{"href":"https:\/\/elluchador.info\/index.php?rest_route=\/wp\/v2\/types\/post"}],"author":[{"embeddable":true,"href":"https:\/\/elluchador.info\/index.php?rest_route=\/wp\/v2\/users\/38"}],"replies":[{"embeddable":true,"href":"https:\/\/elluchador.info\/index.php?rest_route=%2Fwp%2Fv2%2Fcomments&post=308799"}],"version-history":[{"count":1,"href":"https:\/\/elluchador.info\/index.php?rest_route=\/wp\/v2\/posts\/308799\/revisions"}],"predecessor-version":[{"id":308801,"href":"https:\/\/elluchador.info\/index.php?rest_route=\/wp\/v2\/posts\/308799\/revisions\/308801"}],"wp:featuredmedia":[{"embeddable":true,"href":"https:\/\/elluchador.info\/index.php?rest_route=\/wp\/v2\/media\/308800"}],"wp:attachment":[{"href":"https:\/\/elluchador.info\/index.php?rest_route=%2Fwp%2Fv2%2Fmedia&parent=308799"}],"wp:term":[{"taxonomy":"category","embeddable":true,"href":"https:\/\/elluchador.info\/index.php?rest_route=%2Fwp%2Fv2%2Fcategories&post=308799"},{"taxonomy":"post_tag","embeddable":true,"href":"https:\/\/elluchador.info\/index.php?rest_route=%2Fwp%2Fv2%2Ftags&post=308799"}],"curies":[{"name":"wp","href":"https:\/\/api.w.org\/{rel}","templated":true}]}}