{"id":308844,"date":"2026-04-27T08:16:00","date_gmt":"2026-04-27T12:16:00","guid":{"rendered":"https:\/\/elluchador.info\/?p=308844"},"modified":"2026-04-27T07:47:07","modified_gmt":"2026-04-27T11:47:07","slug":"fallece-un-trabajador-durante-el-montaje-del-escenario-del-concierto-de-shakira-en-rio","status":"publish","type":"post","link":"https:\/\/elluchador.info\/?p=308844","title":{"rendered":"Fallece un trabajador durante el montaje del escenario del concierto de Shakira en R\u00edo"},"content":{"rendered":"\n<p>Un tr\u00e1gico accidente laboral ocurrido este domingo en la playa de Copacabana, R\u00edo de Janeiro, result\u00f3 en el fallecimiento de un trabajador que participaba en las labores de montaje del escenario para el megaconcierto que la cantante colombiana Shakira ofrecer\u00e1 el pr\u00f3ximo s\u00e1bado.<\/p>\n\n\n\n<p>\u200bLa v\u00edctima, un t\u00e9cnico de seguridad de 28 a\u00f1os, perdi\u00f3 la vida a consecuencia de las heridas sufridas tras el colapso de una estructura del escenario, seg\u00fan inform\u00f3 la Polic\u00eda Militar de R\u00edo de Janeiro en un comunicado oficial.<\/p>\n\n\n\n<p>\u200bDe acuerdo con los testimonios recogidos por el Cuerpo de Bomberos en el lugar de los hechos, el incidente se produjo en un sistema de elevaci\u00f3n, lo que provoc\u00f3 el aplastamiento de las extremidades inferiores del trabajador.<\/p>\n\n\n\n<p>A pesar de que sus compa\u00f1eros lograron retirarlo r\u00e1pidamente de la estructura y recibi\u00f3 primeros auxilios in situ antes de ser trasladado de urgencia a un hospital, el joven no resisti\u00f3 las lesiones y falleci\u00f3 poco despu\u00e9s.<\/p>\n\n\n\n<p>\u200bLa Polic\u00eda Civil de R\u00edo de Janeiro ha abierto una investigaci\u00f3n oficial para esclarecer las circunstancias del siniestro y determinar las responsabilidades correspondientes.<\/p>\n\n\n\n<p>\u200bLa compa\u00f1\u00eda Bonustrack, organizadora del evento, expres\u00f3 su profundo pesar por lo sucedido a trav\u00e9s de un comunicado oficial. La productora manifest\u00f3 su \u00abtotal apoyo, acogida y solidaridad a la empresa responsable (del trabajador fallecido), a su equipo y a los familiares de la v\u00edctima\u00bb.<\/p>\n\n\n\n<p>El suceso tiene lugar mientras la ciudad de R\u00edo de Janeiro se prepara para recibir a una de las m\u00e1ximas exponentes de la m\u00fasica latina. El escenario, que se encuentra en fase de montaje desde hace varios d\u00edas en plena playa de Copacabana, es el centro de atenci\u00f3n de las autoridades locales, quienes esperan una asistencia masiva de alrededor de dos millones de personas para el concierto gratuito de este s\u00e1bado.<\/p>\n\n\n\n<p>\u200bEste evento busca replicar el \u00e9xito de los espect\u00e1culos internacionales que han marcado la agenda cultural de la ciudad en a\u00f1os recientes, como los realizados por Madonna en 2024 y Lady Gaga en 2025, los cuales lograron reunir a m\u00e1s de un mill\u00f3n y medio de espectadores.<br>\u200b<br>Con informaci\u00f3n de <strong>agencias<\/strong><\/p>\n","protected":false},"excerpt":{"rendered":"<p>Un tr\u00e1gico accidente laboral ocurrido este domingo en la playa de Copacabana, R\u00edo de Janeiro, result\u00f3 en el fallecimiento de un trabajador que participaba en las labores de montaje del escenario para el megaconcierto que la cantante colombiana Shakira ofrecer\u00e1 el pr\u00f3ximo s\u00e1bado. \u200bLa v\u00edctima, un t\u00e9cnico de seguridad de 28 a\u00f1os, perdi\u00f3 la vida [&hellip;]<\/p>\n","protected":false},"author":38,"featured_media":308845,"comment_status":"closed","ping_status":"closed","sticky":false,"template":"","format":"standard","meta":{"footnotes":""},"categories":[7],"tags":[448],"class_list":{"0":"post-308844","1":"post","2":"type-post","3":"status-publish","4":"format-standard","5":"has-post-thumbnail","7":"category-entretenimiento","8":"tag-mundo"},"_links":{"self":[{"href":"https:\/\/elluchador.info\/index.php?rest_route=\/wp\/v2\/posts\/308844","targetHints":{"allow":["GET"]}}],"collection":[{"href":"https:\/\/elluchador.info\/index.php?rest_route=\/wp\/v2\/posts"}],"about":[{"href":"https:\/\/elluchador.info\/index.php?rest_route=\/wp\/v2\/types\/post"}],"author":[{"embeddable":true,"href":"https:\/\/elluchador.info\/index.php?rest_route=\/wp\/v2\/users\/38"}],"replies":[{"embeddable":true,"href":"https:\/\/elluchador.info\/index.php?rest_route=%2Fwp%2Fv2%2Fcomments&post=308844"}],"version-history":[{"count":1,"href":"https:\/\/elluchador.info\/index.php?rest_route=\/wp\/v2\/posts\/308844\/revisions"}],"predecessor-version":[{"id":308846,"href":"https:\/\/elluchador.info\/index.php?rest_route=\/wp\/v2\/posts\/308844\/revisions\/308846"}],"wp:featuredmedia":[{"embeddable":true,"href":"https:\/\/elluchador.info\/index.php?rest_route=\/wp\/v2\/media\/308845"}],"wp:attachment":[{"href":"https:\/\/elluchador.info\/index.php?rest_route=%2Fwp%2Fv2%2Fmedia&parent=308844"}],"wp:term":[{"taxonomy":"category","embeddable":true,"href":"https:\/\/elluchador.info\/index.php?rest_route=%2Fwp%2Fv2%2Fcategories&post=308844"},{"taxonomy":"post_tag","embeddable":true,"href":"https:\/\/elluchador.info\/index.php?rest_route=%2Fwp%2Fv2%2Ftags&post=308844"}],"curies":[{"name":"wp","href":"https:\/\/api.w.org\/{rel}","templated":true}]}}