{"id":308888,"date":"2026-04-27T12:25:00","date_gmt":"2026-04-27T16:25:00","guid":{"rendered":"https:\/\/elluchador.info\/?p=308888"},"modified":"2026-04-27T12:23:04","modified_gmt":"2026-04-27T16:23:04","slug":"papa-leon-xiv-condeno-pena-capital-y-exige-su-abolicion-en-estados-unidos","status":"publish","type":"post","link":"https:\/\/elluchador.info\/?p=308888","title":{"rendered":"Papa Le\u00f3n XIV conden\u00f3 pena capital y exige su abolici\u00f3n en Estados Unidos"},"content":{"rendered":"\n<p>El Papa Le\u00f3n XIV ha intensificado su llamado global contra la pena de muerte, condenando en\u00e9rgicamente el pasado viernes 25 de abril la pr\u00e1ctica en Estados Unidos y solicitando su abolici\u00f3n definitiva. La declaraci\u00f3n marca un punto de ruptura en la tensa relaci\u00f3n que el pont\u00edfice sostiene con la actual administraci\u00f3n de Donald Trump, en medio de un debate nacional sobre los m\u00e9todos de ejecuci\u00f3n federal.<br>\u200b<br>\u200bEn un mensaje dirigido a la Universidad DePaul en Chicago, el Papa reafirm\u00f3 que el derecho a la vida es la base sobre la cual se construye cualquier otro derecho humano. El pont\u00edfice enfatiz\u00f3 que la protecci\u00f3n de la santidad de la vida, desde su concepci\u00f3n, es un requisito indispensable para garantizar el bienestar y la moralidad de una sociedad.<\/p>\n\n\n\n<p>\u200bEstas declaraciones se producen en un momento de fricci\u00f3n diplom\u00e1tica con la Casa Blanca, cuya gesti\u00f3n actual impulsa una ampliaci\u00f3n de los m\u00e9todos de ejecuci\u00f3n para reclusos federales. Recientemente, el Departamento de Justicia estadounidense propuso la implementaci\u00f3n de pelotones de fusilamiento, electrocuci\u00f3n y asfixia con gas como alternativas legales, argumentando dificultades en el suministro de f\u00e1rmacos para la inyecci\u00f3n letal.<\/p>\n\n\n\n<p>\u200bEsta pol\u00edtica representa, para la Santa Sede, un retroceso significativo frente a la gesti\u00f3n anterior, que hab\u00eda priorizado la conmutaci\u00f3n de decenas de sentencias de muerte, reflejando un cambio radical en la pol\u00edtica de justicia penal del pa\u00eds.<\/p>\n\n\n\n<p><strong>\u200bUna visi\u00f3n de redenci\u00f3n frente a la \u00abmano dura\u00bb<\/strong><br>\u200bDurante su regreso de una gira de 11 d\u00edas por \u00c1frica, el Papa Le\u00f3n XIV reiter\u00f3 su postura ante los medios de comunicaci\u00f3n a bordo del vuelo papal: \u00abCondeno todas las acciones que sean injustas. Condeno la privaci\u00f3n de la vida de las personas. Condeno la pena capital\u00bb.<\/p>\n\n\n\n<p>\u200bEl pont\u00edfice defendi\u00f3 que los sistemas penitenciarios deben centrarse en garantizar la seguridad ciudadana sin anular la posibilidad de redenci\u00f3n de los condenados, rechazando expl\u00edcitamente la pol\u00edtica de \u00abmano dura\u00bb promovida por Washington.<\/p>\n\n\n\n<p><strong>\u200bFractura ideol\u00f3gica entre el Vaticano y Washington<\/strong><br>\u200bLa postura del Papa Le\u00f3n XIV el primer pont\u00edfice estadounidense no es un hecho aislado. La relaci\u00f3n con el gobierno de su pa\u00eds de origen ha sido tensa de manera constante, marcada por:<br>\u200bReproches recurrentes: El Papa ha cuestionado la pol\u00edtica migratoria de la administraci\u00f3n Trump y la guerra impulsada por Estados Unidos e Israel contra Ir\u00e1n.<br>\u200bReacci\u00f3n de la Casa Blanca: Ante estas cr\u00edticas, el presidente Trump ha respondido p\u00fablicamente calificando al Papa de \u00abterrible\u00bb, evidenciando una fractura profunda entre la Santa Sede y Washington en temas cruciales de justicia social y soberan\u00eda.<\/p>\n\n\n\n<p>\u200bCon estas declaraciones, el Vaticano busca consolidar su rol como defensor de los derechos humanos y la paz global, aline\u00e1ndose con las corrientes que, desde el Sur global, cuestionan las pol\u00edticas punitivas extremas en favor de un enfoque humanista de la justicia.<br>\u200b<br>Con informaci\u00f3n de <strong>agencias<\/strong><\/p>\n","protected":false},"excerpt":{"rendered":"<p>El Papa Le\u00f3n XIV ha intensificado su llamado global contra la pena de muerte, condenando en\u00e9rgicamente el pasado viernes 25 de abril la pr\u00e1ctica en Estados Unidos y solicitando su abolici\u00f3n definitiva. La declaraci\u00f3n marca un punto de ruptura en la tensa relaci\u00f3n que el pont\u00edfice sostiene con la actual administraci\u00f3n de Donald Trump, en [&hellip;]<\/p>\n","protected":false},"author":38,"featured_media":308889,"comment_status":"closed","ping_status":"closed","sticky":false,"template":"","format":"standard","meta":{"footnotes":""},"categories":[8],"tags":[448],"class_list":{"0":"post-308888","1":"post","2":"type-post","3":"status-publish","4":"format-standard","5":"has-post-thumbnail","7":"category-internacionales","8":"tag-mundo"},"_links":{"self":[{"href":"https:\/\/elluchador.info\/index.php?rest_route=\/wp\/v2\/posts\/308888","targetHints":{"allow":["GET"]}}],"collection":[{"href":"https:\/\/elluchador.info\/index.php?rest_route=\/wp\/v2\/posts"}],"about":[{"href":"https:\/\/elluchador.info\/index.php?rest_route=\/wp\/v2\/types\/post"}],"author":[{"embeddable":true,"href":"https:\/\/elluchador.info\/index.php?rest_route=\/wp\/v2\/users\/38"}],"replies":[{"embeddable":true,"href":"https:\/\/elluchador.info\/index.php?rest_route=%2Fwp%2Fv2%2Fcomments&post=308888"}],"version-history":[{"count":1,"href":"https:\/\/elluchador.info\/index.php?rest_route=\/wp\/v2\/posts\/308888\/revisions"}],"predecessor-version":[{"id":308890,"href":"https:\/\/elluchador.info\/index.php?rest_route=\/wp\/v2\/posts\/308888\/revisions\/308890"}],"wp:featuredmedia":[{"embeddable":true,"href":"https:\/\/elluchador.info\/index.php?rest_route=\/wp\/v2\/media\/308889"}],"wp:attachment":[{"href":"https:\/\/elluchador.info\/index.php?rest_route=%2Fwp%2Fv2%2Fmedia&parent=308888"}],"wp:term":[{"taxonomy":"category","embeddable":true,"href":"https:\/\/elluchador.info\/index.php?rest_route=%2Fwp%2Fv2%2Fcategories&post=308888"},{"taxonomy":"post_tag","embeddable":true,"href":"https:\/\/elluchador.info\/index.php?rest_route=%2Fwp%2Fv2%2Ftags&post=308888"}],"curies":[{"name":"wp","href":"https:\/\/api.w.org\/{rel}","templated":true}]}}