{"id":308903,"date":"2026-04-27T14:11:19","date_gmt":"2026-04-27T18:11:19","guid":{"rendered":"https:\/\/elluchador.info\/?p=308903"},"modified":"2026-04-27T14:11:22","modified_gmt":"2026-04-27T18:11:22","slug":"padres-de-juan-pernalete-piden-revisar-nuevamente-el-caso-de-su-asesinato","status":"publish","type":"post","link":"https:\/\/elluchador.info\/?p=308903","title":{"rendered":"Padres de Juan Pernalete piden revisar nuevamente el caso de su asesinato"},"content":{"rendered":"\n<p>Elvira y Jos\u00e9 Gregorio Pernalete, padres de Juan Pablo Pernalete, fallecido hace nueve a\u00f1os durante una manifestaci\u00f3n en Caracas, solicitaron este domingo a las autoridades venezolanas que reactiven la investigaci\u00f3n por el crimen de su hijo y que revisen todos los casos relacionados con las protestas de 2017.<\/p>\n\n\n\n<p>A trav\u00e9s de un video difundido por Provea en la red social X, los familiares se dirigieron al fiscal general Larry Devoe y a la defensora del Pueblo, Egl\u00e9e Gonz\u00e1lez Lobato.<\/p>\n\n\n\n<p>Los padres recordaron que, luego de varios a\u00f1os con explicaciones contradictorias, el Estado termin\u00f3 admitiendo la participaci\u00f3n de agentes de seguridad en el hecho, aunque inicialmente se atribuy\u00f3 el ataque a los propios manifestantes. Se\u00f1alaron que, bajo la gesti\u00f3n del exfiscal Tarek William Saab, se reconoci\u00f3 que un guardia nacional fue el autor material del disparo que acab\u00f3 con la vida de su hijo.<\/p>\n\n\n\n<p>Sin embargo, los padres cuestionaron el proceso judicial actual, al considerar que no constituye una reparaci\u00f3n genuina. Denunciaron que la Fiscal\u00eda archiv\u00f3 los expedientes de 11 guardias nacionales y solo imput\u00f3 a dos funcionarios, de los cuales \u00fanicamente uno permanece detenido. A\u00f1adieron que presentaron una acusaci\u00f3n particular que fue rechazada por el tribunal, y que el juicio al \u00fanico encausado se basa en la teor\u00eda del Ministerio P\u00fablico, no en las pruebas aportadas por la familia.<\/p>\n\n\n\n<p>Asimismo, instaron a la Defensor\u00eda del Pueblo a actuar contra la impunidad y exigir que el Estado reconozca los abusos cometidos durante la represi\u00f3n de protestas. Subrayaron que la memoria hist\u00f3rica resulta esencial para evitar la repetici\u00f3n de cr\u00edmenes que, por su car\u00e1cter de lesa humanidad, no prescriben. <\/p>\n\n\n\n<p>Concluyeron que no buscan venganza, pero que la justicia no es negociable, y recordaron que tanto la Misi\u00f3n de la ONU como la Corte Penal Internacional mantienen investigaciones activas sobre estos hechos.<\/p>\n\n\n\n<p>Con informaci\u00f3n de <strong><em>Sumarium<\/em><\/strong><\/p>\n","protected":false},"excerpt":{"rendered":"<p>Elvira y Jos\u00e9 Gregorio Pernalete, padres de Juan Pablo Pernalete, fallecido hace nueve a\u00f1os durante una manifestaci\u00f3n en Caracas, solicitaron este domingo a las autoridades venezolanas que reactiven la investigaci\u00f3n por el crimen de su hijo y que revisen todos los casos relacionados con las protestas de 2017. A trav\u00e9s de un video difundido por [&hellip;]<\/p>\n","protected":false},"author":33,"featured_media":308904,"comment_status":"closed","ping_status":"closed","sticky":false,"template":"","format":"standard","meta":{"footnotes":""},"categories":[11],"tags":[135,6955],"class_list":{"0":"post-308903","1":"post","2":"type-post","3":"status-publish","4":"format-standard","5":"has-post-thumbnail","7":"category-politica","8":"tag-asesinato","9":"tag-pernalete"},"_links":{"self":[{"href":"https:\/\/elluchador.info\/index.php?rest_route=\/wp\/v2\/posts\/308903","targetHints":{"allow":["GET"]}}],"collection":[{"href":"https:\/\/elluchador.info\/index.php?rest_route=\/wp\/v2\/posts"}],"about":[{"href":"https:\/\/elluchador.info\/index.php?rest_route=\/wp\/v2\/types\/post"}],"author":[{"embeddable":true,"href":"https:\/\/elluchador.info\/index.php?rest_route=\/wp\/v2\/users\/33"}],"replies":[{"embeddable":true,"href":"https:\/\/elluchador.info\/index.php?rest_route=%2Fwp%2Fv2%2Fcomments&post=308903"}],"version-history":[{"count":1,"href":"https:\/\/elluchador.info\/index.php?rest_route=\/wp\/v2\/posts\/308903\/revisions"}],"predecessor-version":[{"id":308905,"href":"https:\/\/elluchador.info\/index.php?rest_route=\/wp\/v2\/posts\/308903\/revisions\/308905"}],"wp:featuredmedia":[{"embeddable":true,"href":"https:\/\/elluchador.info\/index.php?rest_route=\/wp\/v2\/media\/308904"}],"wp:attachment":[{"href":"https:\/\/elluchador.info\/index.php?rest_route=%2Fwp%2Fv2%2Fmedia&parent=308903"}],"wp:term":[{"taxonomy":"category","embeddable":true,"href":"https:\/\/elluchador.info\/index.php?rest_route=%2Fwp%2Fv2%2Fcategories&post=308903"},{"taxonomy":"post_tag","embeddable":true,"href":"https:\/\/elluchador.info\/index.php?rest_route=%2Fwp%2Fv2%2Ftags&post=308903"}],"curies":[{"name":"wp","href":"https:\/\/api.w.org\/{rel}","templated":true}]}}