{"id":308942,"date":"2026-04-27T20:03:47","date_gmt":"2026-04-28T00:03:47","guid":{"rendered":"https:\/\/elluchador.info\/?p=308942"},"modified":"2026-04-27T20:03:50","modified_gmt":"2026-04-28T00:03:50","slug":"sala-plena-del-tsj-habria-aprobado-la-jubilacion-de-ocho-magistrados","status":"publish","type":"post","link":"https:\/\/elluchador.info\/?p=308942","title":{"rendered":"Sala Plena del TSJ habr\u00eda aprobado la jubilaci\u00f3n de ocho magistrados"},"content":{"rendered":"\n<p>El&nbsp;Tribunal Supremo de Justicia&nbsp;(TSJ)&nbsp;habr\u00eda&nbsp;aprobado la jubilaci\u00f3n de al menos ochos magistrados,&nbsp;entre ellos estar\u00eda el expresidente del m\u00e1ximo tribunal, Maikel Moreno, de acuerdo a fuentes internas del m\u00e1ximo tribunal a las que tuvo acceso el&nbsp;periodista <em>Eligio Rojas.&nbsp;<\/em><\/p>\n\n\n\n<p>De acuerdo a lo informado por Rojas en su cuenta de \u00abX\u00bb, a Moreno lo acompa\u00f1ar\u00eda:&nbsp;Elsa G\u00f3mez, Edgar Gavidia, Carmen Alves, Henry Timaure, Malaqu\u00edas Gil, Juan Carlos Hidalgo Pandares y Luis Damiani Bustillos.<\/p>\n\n\n\n<p>La decisi\u00f3n tomada por el m\u00e1ximo \u00f3rgano jurisdiccional en materia penal, se habr\u00eda producido en medio de&nbsp;una posible reestructuraci\u00f3n interna&nbsp;dentro del Poder Judicial venezolano y eventuales movimientos, sin embargo el TSJ a\u00fan no ha emitido un comunicado oficial sobre esta medida.<\/p>\n\n\n\n<p>Es de acortar que la salida de estos magistrado&nbsp;estar\u00eda marcando uno de los cambios m\u00e1s significativos&nbsp;en la estructura del m\u00e1ximo tribunal en los \u00faltimos a\u00f1os.<\/p>\n\n\n\n<p>Con informaci\u00f3n <strong>\u00daN<\/strong><\/p>\n","protected":false},"excerpt":{"rendered":"<p>El&nbsp;Tribunal Supremo de Justicia&nbsp;(TSJ)&nbsp;habr\u00eda&nbsp;aprobado la jubilaci\u00f3n de al menos ochos magistrados,&nbsp;entre ellos estar\u00eda el expresidente del m\u00e1ximo tribunal, Maikel Moreno, de acuerdo a fuentes internas del m\u00e1ximo tribunal a las que tuvo acceso el&nbsp;periodista Eligio Rojas.&nbsp; De acuerdo a lo informado por Rojas en su cuenta de \u00abX\u00bb, a Moreno lo acompa\u00f1ar\u00eda:&nbsp;Elsa G\u00f3mez, Edgar Gavidia, [&hellip;]<\/p>\n","protected":false},"author":33,"featured_media":308943,"comment_status":"closed","ping_status":"closed","sticky":false,"template":"","format":"standard","meta":{"footnotes":""},"categories":[5,9],"tags":[6964,110],"class_list":{"0":"post-308942","1":"post","2":"type-post","3":"status-publish","4":"format-standard","5":"has-post-thumbnail","7":"category-destacado","8":"category-nacionales","9":"tag-jubilacion","10":"tag-tsj"},"_links":{"self":[{"href":"https:\/\/elluchador.info\/index.php?rest_route=\/wp\/v2\/posts\/308942","targetHints":{"allow":["GET"]}}],"collection":[{"href":"https:\/\/elluchador.info\/index.php?rest_route=\/wp\/v2\/posts"}],"about":[{"href":"https:\/\/elluchador.info\/index.php?rest_route=\/wp\/v2\/types\/post"}],"author":[{"embeddable":true,"href":"https:\/\/elluchador.info\/index.php?rest_route=\/wp\/v2\/users\/33"}],"replies":[{"embeddable":true,"href":"https:\/\/elluchador.info\/index.php?rest_route=%2Fwp%2Fv2%2Fcomments&post=308942"}],"version-history":[{"count":1,"href":"https:\/\/elluchador.info\/index.php?rest_route=\/wp\/v2\/posts\/308942\/revisions"}],"predecessor-version":[{"id":308944,"href":"https:\/\/elluchador.info\/index.php?rest_route=\/wp\/v2\/posts\/308942\/revisions\/308944"}],"wp:featuredmedia":[{"embeddable":true,"href":"https:\/\/elluchador.info\/index.php?rest_route=\/wp\/v2\/media\/308943"}],"wp:attachment":[{"href":"https:\/\/elluchador.info\/index.php?rest_route=%2Fwp%2Fv2%2Fmedia&parent=308942"}],"wp:term":[{"taxonomy":"category","embeddable":true,"href":"https:\/\/elluchador.info\/index.php?rest_route=%2Fwp%2Fv2%2Fcategories&post=308942"},{"taxonomy":"post_tag","embeddable":true,"href":"https:\/\/elluchador.info\/index.php?rest_route=%2Fwp%2Fv2%2Ftags&post=308942"}],"curies":[{"name":"wp","href":"https:\/\/api.w.org\/{rel}","templated":true}]}}