{"id":308954,"date":"2026-04-28T08:31:29","date_gmt":"2026-04-28T12:31:29","guid":{"rendered":"https:\/\/elluchador.info\/?p=308954"},"modified":"2026-04-28T08:31:31","modified_gmt":"2026-04-28T12:31:31","slug":"accidente-de-transporte-publico-en-la-via-a-el-manteco-deja-varios-heridos","status":"publish","type":"post","link":"https:\/\/elluchador.info\/?p=308954","title":{"rendered":"Accidente de transporte p\u00fablico en la v\u00eda a El Manteco deja varios heridos"},"content":{"rendered":"\n<p>***<strong><em><sub>Siniestro vial en el estado Bol\u00edvar<\/sub><\/em><\/strong><\/p>\n\n\n\n<p>Un accidente de tr\u00e1nsito registrado este fin de semana en la v\u00eda hacia El Manteco dej\u00f3 un saldo de m\u00faltiples personas lesionadas, entre ellas un menor de 12 a\u00f1os.<\/p>\n\n\n\n<p>El siniestro involucr\u00f3 a una unidad de transporte p\u00fablico que trasladaba a 18 pasajeros al momento del incidente.<br>\u200b<br>Tras el hecho, los heridos fueron auxiliados y remitidos tanto al ambulatorio de El Manteco como al Hospital Gervasio Vera Custodio en Upata.<\/p>\n\n\n\n<p>Entre los afectados identificados destacan un adolescente de 12 a\u00f1os con una herida frontal, as\u00ed como los ciudadanos C\u00e1ndida P\u00e9rez (82), Petra Gudi\u00f1o (55), Carlos Zapata (82), Ingrid Rodr\u00edguez, Perla D\u00edaz y Roger Su\u00e1rez. Las identidades del resto de los ocupantes a\u00fan no han sido precisadas.<br>\u200b<br>Expertos de tr\u00e1nsito terrestre iniciaron las pesquisas en el sitio para determinar las causas t\u00e9cnicas del suceso.<\/p>\n\n\n\n<p><strong><em>Redacci\u00f3n \/ Primicia<\/em><\/strong><\/p>\n","protected":false},"excerpt":{"rendered":"<p>***Siniestro vial en el estado Bol\u00edvar Un accidente de tr\u00e1nsito registrado este fin de semana en la v\u00eda hacia El Manteco dej\u00f3 un saldo de m\u00faltiples personas lesionadas, entre ellas un menor de 12 a\u00f1os. El siniestro involucr\u00f3 a una unidad de transporte p\u00fablico que trasladaba a 18 pasajeros al momento del incidente.\u200bTras el hecho, [&hellip;]<\/p>\n","protected":false},"author":33,"featured_media":308955,"comment_status":"closed","ping_status":"closed","sticky":false,"template":"","format":"standard","meta":{"footnotes":""},"categories":[13],"tags":[5263,670],"class_list":{"0":"post-308954","1":"post","2":"type-post","3":"status-publish","4":"format-standard","5":"has-post-thumbnail","7":"category-sucesos","8":"tag-el-manteco","9":"tag-heridos"},"_links":{"self":[{"href":"https:\/\/elluchador.info\/index.php?rest_route=\/wp\/v2\/posts\/308954","targetHints":{"allow":["GET"]}}],"collection":[{"href":"https:\/\/elluchador.info\/index.php?rest_route=\/wp\/v2\/posts"}],"about":[{"href":"https:\/\/elluchador.info\/index.php?rest_route=\/wp\/v2\/types\/post"}],"author":[{"embeddable":true,"href":"https:\/\/elluchador.info\/index.php?rest_route=\/wp\/v2\/users\/33"}],"replies":[{"embeddable":true,"href":"https:\/\/elluchador.info\/index.php?rest_route=%2Fwp%2Fv2%2Fcomments&post=308954"}],"version-history":[{"count":1,"href":"https:\/\/elluchador.info\/index.php?rest_route=\/wp\/v2\/posts\/308954\/revisions"}],"predecessor-version":[{"id":308956,"href":"https:\/\/elluchador.info\/index.php?rest_route=\/wp\/v2\/posts\/308954\/revisions\/308956"}],"wp:featuredmedia":[{"embeddable":true,"href":"https:\/\/elluchador.info\/index.php?rest_route=\/wp\/v2\/media\/308955"}],"wp:attachment":[{"href":"https:\/\/elluchador.info\/index.php?rest_route=%2Fwp%2Fv2%2Fmedia&parent=308954"}],"wp:term":[{"taxonomy":"category","embeddable":true,"href":"https:\/\/elluchador.info\/index.php?rest_route=%2Fwp%2Fv2%2Fcategories&post=308954"},{"taxonomy":"post_tag","embeddable":true,"href":"https:\/\/elluchador.info\/index.php?rest_route=%2Fwp%2Fv2%2Ftags&post=308954"}],"curies":[{"name":"wp","href":"https:\/\/api.w.org\/{rel}","templated":true}]}}