{"id":308960,"date":"2026-04-28T11:03:04","date_gmt":"2026-04-28T15:03:04","guid":{"rendered":"https:\/\/elluchador.info\/?p=308960"},"modified":"2026-04-28T11:03:07","modified_gmt":"2026-04-28T15:03:07","slug":"fedeunep-aumento-del-1-de-mayo-podria-incluir-salarios-y-bonos","status":"publish","type":"post","link":"https:\/\/elluchador.info\/?p=308960","title":{"rendered":"Fedeunep: Aumento del 1 de mayo podr\u00eda incluir salarios y bonos"},"content":{"rendered":"\n<p>El presidente de la Federaci\u00f3n Nacional de Empleados P\u00fablicos (Fedeunep) Antonio Su\u00e1rez, estima que el anuncio que prev\u00e9 realizar la presidenta (e) Delcy Rodr\u00edguez el 1 de mayo en materia salarial,&nbsp;podr\u00eda incluir un aumento tanto de salarios como de los bonos que entrega el Ejecutivo nacional.<\/p>\n\n\n\n<p>Su\u00e1rez indic\u00f3 que las distintas centrales sindicales del pa\u00eds elaboraron propuestas sobre alza salarial y montos del salario m\u00ednimo, por lo tanto hay varios planteamientos \u00absobre la mesa\u00bb.<\/p>\n\n\n\n<p>Sin embargo, acot\u00f3 que&nbsp;los reclamos laborales no culminar\u00e1n el 1 de mayo&nbsp;porque el Ejecutivo nacional tambi\u00e9n debe revisar convenciones colectivas, bonos de alimentaci\u00f3n y vacacionales, as\u00ed como aguinaldos.<\/p>\n\n\n\n<p>Apunt\u00f3 que los trabajadores tienen amplias expectativas con respecto al anuncio oficial y refiri\u00f3 que \u201cla expectativa est\u00e1 basada en el salario, que se incremente para que se mejore los aspectos relacionados con las incidencias; incluso los recursos parafiscales\u201d.<\/p>\n\n\n\n<p>El representante de Fedeunep tambi\u00e9n resalt\u00f3 que se requiere profundizar&nbsp;\u00aben temas como la salud, formaci\u00f3n, capacitaci\u00f3n, revisi\u00f3n de las condiciones de trabajo en la administraci\u00f3n p\u00fablica;&nbsp;revisi\u00f3n de escalas y leyes\u00bb&nbsp;dijo en entrevista para&nbsp;<em>Uni\u00f3n Radio<\/em>.<\/p>\n\n\n\n<p>Con informaci\u00f3n <strong><em>Banca y Negocios<\/em><\/strong><\/p>\n","protected":false},"excerpt":{"rendered":"<p>El presidente de la Federaci\u00f3n Nacional de Empleados P\u00fablicos (Fedeunep) Antonio Su\u00e1rez, estima que el anuncio que prev\u00e9 realizar la presidenta (e) Delcy Rodr\u00edguez el 1 de mayo en materia salarial,&nbsp;podr\u00eda incluir un aumento tanto de salarios como de los bonos que entrega el Ejecutivo nacional. Su\u00e1rez indic\u00f3 que las distintas centrales sindicales del pa\u00eds [&hellip;]<\/p>\n","protected":false},"author":33,"featured_media":308961,"comment_status":"closed","ping_status":"closed","sticky":false,"template":"","format":"standard","meta":{"footnotes":""},"categories":[5,11],"tags":[6966,779,2714],"class_list":{"0":"post-308960","1":"post","2":"type-post","3":"status-publish","4":"format-standard","5":"has-post-thumbnail","7":"category-destacado","8":"category-politica","9":"tag-1-mayo","10":"tag-bonos","11":"tag-salarios"},"_links":{"self":[{"href":"https:\/\/elluchador.info\/index.php?rest_route=\/wp\/v2\/posts\/308960","targetHints":{"allow":["GET"]}}],"collection":[{"href":"https:\/\/elluchador.info\/index.php?rest_route=\/wp\/v2\/posts"}],"about":[{"href":"https:\/\/elluchador.info\/index.php?rest_route=\/wp\/v2\/types\/post"}],"author":[{"embeddable":true,"href":"https:\/\/elluchador.info\/index.php?rest_route=\/wp\/v2\/users\/33"}],"replies":[{"embeddable":true,"href":"https:\/\/elluchador.info\/index.php?rest_route=%2Fwp%2Fv2%2Fcomments&post=308960"}],"version-history":[{"count":1,"href":"https:\/\/elluchador.info\/index.php?rest_route=\/wp\/v2\/posts\/308960\/revisions"}],"predecessor-version":[{"id":308962,"href":"https:\/\/elluchador.info\/index.php?rest_route=\/wp\/v2\/posts\/308960\/revisions\/308962"}],"wp:featuredmedia":[{"embeddable":true,"href":"https:\/\/elluchador.info\/index.php?rest_route=\/wp\/v2\/media\/308961"}],"wp:attachment":[{"href":"https:\/\/elluchador.info\/index.php?rest_route=%2Fwp%2Fv2%2Fmedia&parent=308960"}],"wp:term":[{"taxonomy":"category","embeddable":true,"href":"https:\/\/elluchador.info\/index.php?rest_route=%2Fwp%2Fv2%2Fcategories&post=308960"},{"taxonomy":"post_tag","embeddable":true,"href":"https:\/\/elluchador.info\/index.php?rest_route=%2Fwp%2Fv2%2Ftags&post=308960"}],"curies":[{"name":"wp","href":"https:\/\/api.w.org\/{rel}","templated":true}]}}