{"id":308977,"date":"2026-04-28T12:39:42","date_gmt":"2026-04-28T16:39:42","guid":{"rendered":"https:\/\/elluchador.info\/?p=308977"},"modified":"2026-04-28T12:39:45","modified_gmt":"2026-04-28T16:39:45","slug":"segun-estudio-los-epilepticos-deben-tener-sueno-de-calidad-para-evitar-la-demencia","status":"publish","type":"post","link":"https:\/\/elluchador.info\/?p=308977","title":{"rendered":"Seg\u00fan estudio, los epil\u00e9pticos deben tener sue\u00f1o de calidad para evitar la demencia"},"content":{"rendered":"\n<p>La mala calidad del sue\u00f1o se asocia con un mayor riesgo de demencia en personas con epilepsia, en comparaci\u00f3n con quienes no la padecen, revel\u00f3 una fuente especializada.<\/p>\n\n\n\n<p>\u201cEl estudio no demuestra que la mala calidad del sue\u00f1o cause un peor funcionamiento cognitivo y un mayor riesgo de demencia, sino que solo muestra una asociaci\u00f3n\u201d, aclararon los investigadores en el art\u00edculo publicado en la revista Neurology.<\/p>\n\n\n\n<p>Los expertos se centraron espec\u00edficamente en la epilepsia focal, que se produce cuando las convulsiones comienzan en una parte del cerebro, se\u00f1al\u00f3 <em>Prensa Latina.<\/em><\/p>\n\n\n\n<p>Explicaron que los problemas de sue\u00f1o pueden empeorar la actividad epil\u00e9ptica, mientras que las propias crisis epil\u00e9pticas pueden interrumpir el sue\u00f1o, pero a\u00fan no est\u00e1 claro hasta qu\u00e9 punto la falta de sue\u00f1o afecta las habilidades cognitivas y el riesgo de demencia.<\/p>\n\n\n\n<p>El estudio sugiere que dormir lo suficiente puede ser especialmente beneficioso para la cognici\u00f3n y reducir el riesgo de demencia en personas con epilepsia focal.<\/p>\n\n\n\n<p>Los investigadores afirman que las personas con la mencionada enfermedad y problemas de sue\u00f1o ten\u00edan un riesgo cinco veces mayor de desarrollar demencia.<\/p>\n\n\n\n<p>Asimismo, las que en el pasado sufrieron un ictus ten\u00edan un riesgo tres veces y medio mayor, en comparaci\u00f3n con los individuos sin epilepsia ni ictus que dorm\u00edan lo suficiente.<\/p>\n\n\n\n<p>Con informaci\u00f3n <strong><em>Prensa Latina<\/em><\/strong><\/p>\n","protected":false},"excerpt":{"rendered":"<p>La mala calidad del sue\u00f1o se asocia con un mayor riesgo de demencia en personas con epilepsia, en comparaci\u00f3n con quienes no la padecen, revel\u00f3 una fuente especializada. \u201cEl estudio no demuestra que la mala calidad del sue\u00f1o cause un peor funcionamiento cognitivo y un mayor riesgo de demencia, sino que solo muestra una asociaci\u00f3n\u201d, [&hellip;]<\/p>\n","protected":false},"author":33,"featured_media":308978,"comment_status":"closed","ping_status":"closed","sticky":false,"template":"","format":"standard","meta":{"footnotes":""},"categories":[19],"tags":[3605,1703,6969],"class_list":{"0":"post-308977","1":"post","2":"type-post","3":"status-publish","4":"format-standard","5":"has-post-thumbnail","7":"category-salud","8":"tag-demencia","9":"tag-dormir","10":"tag-epilepticos"},"_links":{"self":[{"href":"https:\/\/elluchador.info\/index.php?rest_route=\/wp\/v2\/posts\/308977","targetHints":{"allow":["GET"]}}],"collection":[{"href":"https:\/\/elluchador.info\/index.php?rest_route=\/wp\/v2\/posts"}],"about":[{"href":"https:\/\/elluchador.info\/index.php?rest_route=\/wp\/v2\/types\/post"}],"author":[{"embeddable":true,"href":"https:\/\/elluchador.info\/index.php?rest_route=\/wp\/v2\/users\/33"}],"replies":[{"embeddable":true,"href":"https:\/\/elluchador.info\/index.php?rest_route=%2Fwp%2Fv2%2Fcomments&post=308977"}],"version-history":[{"count":1,"href":"https:\/\/elluchador.info\/index.php?rest_route=\/wp\/v2\/posts\/308977\/revisions"}],"predecessor-version":[{"id":308979,"href":"https:\/\/elluchador.info\/index.php?rest_route=\/wp\/v2\/posts\/308977\/revisions\/308979"}],"wp:featuredmedia":[{"embeddable":true,"href":"https:\/\/elluchador.info\/index.php?rest_route=\/wp\/v2\/media\/308978"}],"wp:attachment":[{"href":"https:\/\/elluchador.info\/index.php?rest_route=%2Fwp%2Fv2%2Fmedia&parent=308977"}],"wp:term":[{"taxonomy":"category","embeddable":true,"href":"https:\/\/elluchador.info\/index.php?rest_route=%2Fwp%2Fv2%2Fcategories&post=308977"},{"taxonomy":"post_tag","embeddable":true,"href":"https:\/\/elluchador.info\/index.php?rest_route=%2Fwp%2Fv2%2Ftags&post=308977"}],"curies":[{"name":"wp","href":"https:\/\/api.w.org\/{rel}","templated":true}]}}