{"id":308980,"date":"2026-04-28T14:40:00","date_gmt":"2026-04-28T18:40:00","guid":{"rendered":"https:\/\/elluchador.info\/?p=308980"},"modified":"2026-04-28T14:38:14","modified_gmt":"2026-04-28T18:38:14","slug":"venezuela-y-colombia-reactivan-conexion-energetica-mediante-acuerdo-estrategico-entre-corpoelec-e-ipse","status":"publish","type":"post","link":"https:\/\/elluchador.info\/?p=308980","title":{"rendered":"Venezuela y Colombia reactivan conexi\u00f3n energ\u00e9tica mediante \u00abacuerdo estrat\u00e9gico\u00bb entre Corpoelec e IPSE"},"content":{"rendered":"\n<p>En un paso decisivo hacia la consolidaci\u00f3n de sus lazos diplom\u00e1ticos y comerciales, los gobiernos de Venezuela y Colombia han oficializado la reactivaci\u00f3n de su conexi\u00f3n energ\u00e9tica. Este acuerdo, que marca un hito en la nueva etapa de integraci\u00f3n binacional, tiene como objetivo principal garantizar la estabilidad del servicio el\u00e9ctrico y fortalecer la cooperaci\u00f3n t\u00e9cnica en las regiones fronterizas.<\/p>\n\n\n\n<p>\u200bLa medida fue formalizada mediante un acuerdo estrat\u00e9gico entre la Corporaci\u00f3n El\u00e9ctrica Nacional (CORPOELEC) de Venezuela y el Instituto de Planificaci\u00f3n y Promoci\u00f3n de Soluciones Energ\u00e9ticas para las Zonas No Interconectadas (IPSE) de Colombia. El Ministerio del Poder Popular para la Energ\u00eda El\u00e9ctrica inform\u00f3 que esta colaboraci\u00f3n busca restablecer el flujo el\u00e9ctrico en \u00e1reas que hist\u00f3ricamente han dependido de la interconexi\u00f3n entre ambas naciones.<\/p>\n\n\n\n<p><strong>\u200bUn compromiso con la soberan\u00eda y el bienestar social<\/strong><br>\u200bDesde el Ministerio de Energ\u00eda El\u00e9ctrica destacaron que este convenio no es solo t\u00e9cnico, sino que representa un avance basado en la confianza mutua y la cooperaci\u00f3n. \u00abEste paso firme responde a una visi\u00f3n compartida de soberan\u00eda energ\u00e9tica, dise\u00f1ada para ofrecer soluciones tangibles que beneficien directamente a los pueblos venezolano y colombiano\u00bb, se\u00f1alaron las autoridades.<\/p>\n\n\n\n<p>\u200bEste acuerdo se inserta en el contexto actual de normalizaci\u00f3n de las relaciones entre ambos pa\u00edses, permitiendo retomar proyectos que hab\u00edan quedado en pausa y optimizar la infraestructura existente.<\/p>\n\n\n\n<p>\u200bM\u00e1s all\u00e1 del restablecimiento inmediato del suministro, los representantes de ambos entes destacaron que esta alianza sienta las bases para una relaci\u00f3n a largo plazo. Entre los objetivos estrat\u00e9gicos a mediano plazo se encuentran:<br>\u200bEstabilidad del sistema: Mejora en la confiabilidad del servicio en las \u00e1reas vinculadas.<br>\u200bGesti\u00f3n t\u00e9cnica compartida: Protocolos de mantenimiento conjunto de las redes internacionales.<br>\u200bEnerg\u00eda sostenible: Apertura hacia futuros proyectos enfocados en la transici\u00f3n energ\u00e9tica y el desarrollo de fuentes de energ\u00eda sostenible.<\/p>\n\n\n\n<p>\u200bCon este paso, Venezuela y Colombia reafirman su voluntad pol\u00edtica de trabajar de manera coordinada, demostrando que la integraci\u00f3n energ\u00e9tica es un pilar fundamental para el desarrollo socioecon\u00f3mico de la regi\u00f3n fronteriza.<\/p>\n\n\n\n<p>Con informaci\u00f3n de <strong>agencias<\/strong><\/p>\n\n\n\n<p><\/p>\n","protected":false},"excerpt":{"rendered":"<p>En un paso decisivo hacia la consolidaci\u00f3n de sus lazos diplom\u00e1ticos y comerciales, los gobiernos de Venezuela y Colombia han oficializado la reactivaci\u00f3n de su conexi\u00f3n energ\u00e9tica. Este acuerdo, que marca un hito en la nueva etapa de integraci\u00f3n binacional, tiene como objetivo principal garantizar la estabilidad del servicio el\u00e9ctrico y fortalecer la cooperaci\u00f3n t\u00e9cnica [&hellip;]<\/p>\n","protected":false},"author":38,"featured_media":308981,"comment_status":"closed","ping_status":"closed","sticky":false,"template":"","format":"standard","meta":{"footnotes":""},"categories":[9],"tags":[105],"class_list":{"0":"post-308980","1":"post","2":"type-post","3":"status-publish","4":"format-standard","5":"has-post-thumbnail","7":"category-nacionales","8":"tag-venezuela"},"_links":{"self":[{"href":"https:\/\/elluchador.info\/index.php?rest_route=\/wp\/v2\/posts\/308980","targetHints":{"allow":["GET"]}}],"collection":[{"href":"https:\/\/elluchador.info\/index.php?rest_route=\/wp\/v2\/posts"}],"about":[{"href":"https:\/\/elluchador.info\/index.php?rest_route=\/wp\/v2\/types\/post"}],"author":[{"embeddable":true,"href":"https:\/\/elluchador.info\/index.php?rest_route=\/wp\/v2\/users\/38"}],"replies":[{"embeddable":true,"href":"https:\/\/elluchador.info\/index.php?rest_route=%2Fwp%2Fv2%2Fcomments&post=308980"}],"version-history":[{"count":1,"href":"https:\/\/elluchador.info\/index.php?rest_route=\/wp\/v2\/posts\/308980\/revisions"}],"predecessor-version":[{"id":308982,"href":"https:\/\/elluchador.info\/index.php?rest_route=\/wp\/v2\/posts\/308980\/revisions\/308982"}],"wp:featuredmedia":[{"embeddable":true,"href":"https:\/\/elluchador.info\/index.php?rest_route=\/wp\/v2\/media\/308981"}],"wp:attachment":[{"href":"https:\/\/elluchador.info\/index.php?rest_route=%2Fwp%2Fv2%2Fmedia&parent=308980"}],"wp:term":[{"taxonomy":"category","embeddable":true,"href":"https:\/\/elluchador.info\/index.php?rest_route=%2Fwp%2Fv2%2Fcategories&post=308980"},{"taxonomy":"post_tag","embeddable":true,"href":"https:\/\/elluchador.info\/index.php?rest_route=%2Fwp%2Fv2%2Ftags&post=308980"}],"curies":[{"name":"wp","href":"https:\/\/api.w.org\/{rel}","templated":true}]}}