{"id":308994,"date":"2026-04-28T16:56:00","date_gmt":"2026-04-28T20:56:00","guid":{"rendered":"https:\/\/elluchador.info\/?p=308994"},"modified":"2026-04-28T16:54:32","modified_gmt":"2026-04-28T20:54:32","slug":"espana-invitara-a-delcy-rodriguez-a-la-cumbre-iberoamericana-de-noviembre-en-madrid","status":"publish","type":"post","link":"https:\/\/elluchador.info\/?p=308994","title":{"rendered":"Espa\u00f1a invitar\u00e1 a Delcy Rodr\u00edguez a la Cumbre Iberoamericana de noviembre en Madrid"},"content":{"rendered":"\n<p>El ministro de Asuntos Exteriores, Uni\u00f3n Europea y Cooperaci\u00f3n de Espa\u00f1a, Jos\u00e9 Manuel Albares, ha confirmado desde Santo Domingo que Espa\u00f1a extender\u00e1 la invitaci\u00f3n a la presidenta encargada de Venezuela, Delcy Rodr\u00edguez, para participar en la Cumbre Iberoamericana que tendr\u00e1 lugar en Madrid los pr\u00f3ximos 4 y 5 de noviembre.<\/p>\n\n\n\n<p>\u200bEsta decisi\u00f3n marca un paso significativo en la estrategia diplom\u00e1tica espa\u00f1ola para normalizar las relaciones con Venezuela. Con esta invitaci\u00f3n, el Gobierno espa\u00f1ol reafirma su postura de reconocer a Rodr\u00edguez como interlocutora v\u00e1lida para el di\u00e1logo internacional.<\/p>\n\n\n\n<p>\u200bAl referirse a la invitaci\u00f3n, el ministro Albares subray\u00f3 que el proceso sigue los cauces diplom\u00e1ticos habituales: \u00abEn estos momentos lo que estamos haciendo es dirigirnos a todos los pa\u00edses y siempre se invita a quienes tienen la representaci\u00f3n internacional. Esta cumbre no va a ser diferente a otras\u00bb.<\/p>\n\n\n\n<p>\u200bEl anuncio se produce en un contexto pol\u00edtico intenso, apenas unos d\u00edas despu\u00e9s de la visita a Madrid de la l\u00edder opositora Mar\u00eda Corina Machado, quien declin\u00f3 reunirse con el presidente del Gobierno espa\u00f1ol, Pedro S\u00e1nchez.<\/p>\n\n\n\n<p><strong>\u200bEl debate sobre las sanciones<\/strong><br>\u200bUno de los puntos centrales de la pr\u00f3xima cumbre ser\u00e1 el estatus de las sanciones impuestas por la Uni\u00f3n Europea (UE) a la mandataria venezolana, vigentes desde julio de 2018. Espa\u00f1a ha abogado activamente ante las instituciones comunitarias para levantar estas restricciones, argumentando que las sanciones deben ser un instrumento para el di\u00e1logo y no un fin en s\u00ed mismas.<\/p>\n\n\n\n<p>\u200b\u00bbLas sanciones nunca son un fin; son un medio para que se produzca este di\u00e1logo amplio, pac\u00edfico y democr\u00e1tico en Venezuela. Si se est\u00e1n dando pasos hacia ello, la UE tiene que darlos tambi\u00e9n\u00bb declar\u00f3 el ministro Albares el pasado 20 de febrero.<\/p>\n\n\n\n<p>\u200bLa diplomacia espa\u00f1ola sostiene que, al igual que ocurri\u00f3 en la cumbre UE-Celac de 2023 en Bruselas, la calidad de jefa de Estado en ejercicio de Rodr\u00edguez deber\u00eda permitir su asistencia, aludiendo a los precedentes donde la UE ha hecho excepciones para permitir la interlocuci\u00f3n con el Ejecutivo venezolano. Esta postura contrasta con la de Estados Unidos, que ya ha retirado a Rodr\u00edguez de su lista de sancionados.<\/p>\n\n\n\n<p>\u200bLas medidas restrictivas contra el gobierno de Nicol\u00e1s Maduro, que incluyen embargos de armas, prohibici\u00f3n de viajar e inmovilizaci\u00f3n de activos, fueron renovadas por la UE el 15 de diciembre de 2025 y, salvo cambios diplom\u00e1ticos, se mantienen hasta el 10 de enero de 2027.<\/p>\n\n\n\n<p>\u200bLa Uni\u00f3n Europea ha justificado hist\u00f3ricamente estas pr\u00f3rrogas citando preocupaciones sobre el Estado de derecho, los derechos humanos y el desarrollo de los procesos electorales en Venezuela. Sin embargo, la expectativa generada por la invitaci\u00f3n a la Cumbre de Madrid sugiere que podr\u00eda producirse una reevaluaci\u00f3n de estas medidas a corto o medio plazo como parte de un proceso de acercamiento renovado.<\/p>\n\n\n\n<p>\u200bCon informaci\u00f3n de <strong>agencias<\/strong><\/p>\n\n\n\n<p><\/p>\n","protected":false},"excerpt":{"rendered":"<p>El ministro de Asuntos Exteriores, Uni\u00f3n Europea y Cooperaci\u00f3n de Espa\u00f1a, Jos\u00e9 Manuel Albares, ha confirmado desde Santo Domingo que Espa\u00f1a extender\u00e1 la invitaci\u00f3n a la presidenta encargada de Venezuela, Delcy Rodr\u00edguez, para participar en la Cumbre Iberoamericana que tendr\u00e1 lugar en Madrid los pr\u00f3ximos 4 y 5 de noviembre. \u200bEsta decisi\u00f3n marca un paso [&hellip;]<\/p>\n","protected":false},"author":38,"featured_media":308995,"comment_status":"closed","ping_status":"closed","sticky":false,"template":"","format":"standard","meta":{"footnotes":""},"categories":[11],"tags":[448,105],"class_list":{"0":"post-308994","1":"post","2":"type-post","3":"status-publish","4":"format-standard","5":"has-post-thumbnail","7":"category-politica","8":"tag-mundo","9":"tag-venezuela"},"_links":{"self":[{"href":"https:\/\/elluchador.info\/index.php?rest_route=\/wp\/v2\/posts\/308994","targetHints":{"allow":["GET"]}}],"collection":[{"href":"https:\/\/elluchador.info\/index.php?rest_route=\/wp\/v2\/posts"}],"about":[{"href":"https:\/\/elluchador.info\/index.php?rest_route=\/wp\/v2\/types\/post"}],"author":[{"embeddable":true,"href":"https:\/\/elluchador.info\/index.php?rest_route=\/wp\/v2\/users\/38"}],"replies":[{"embeddable":true,"href":"https:\/\/elluchador.info\/index.php?rest_route=%2Fwp%2Fv2%2Fcomments&post=308994"}],"version-history":[{"count":1,"href":"https:\/\/elluchador.info\/index.php?rest_route=\/wp\/v2\/posts\/308994\/revisions"}],"predecessor-version":[{"id":308996,"href":"https:\/\/elluchador.info\/index.php?rest_route=\/wp\/v2\/posts\/308994\/revisions\/308996"}],"wp:featuredmedia":[{"embeddable":true,"href":"https:\/\/elluchador.info\/index.php?rest_route=\/wp\/v2\/media\/308995"}],"wp:attachment":[{"href":"https:\/\/elluchador.info\/index.php?rest_route=%2Fwp%2Fv2%2Fmedia&parent=308994"}],"wp:term":[{"taxonomy":"category","embeddable":true,"href":"https:\/\/elluchador.info\/index.php?rest_route=%2Fwp%2Fv2%2Fcategories&post=308994"},{"taxonomy":"post_tag","embeddable":true,"href":"https:\/\/elluchador.info\/index.php?rest_route=%2Fwp%2Fv2%2Ftags&post=308994"}],"curies":[{"name":"wp","href":"https:\/\/api.w.org\/{rel}","templated":true}]}}