{"id":309008,"date":"2026-04-28T18:21:00","date_gmt":"2026-04-28T22:21:00","guid":{"rendered":"https:\/\/elluchador.info\/?p=309008"},"modified":"2026-04-28T18:19:06","modified_gmt":"2026-04-28T22:19:06","slug":"privan-de-libertad-a-adolescente-por-presunto-abuso-sexual-en-anzoategui","status":"publish","type":"post","link":"https:\/\/elluchador.info\/?p=309008","title":{"rendered":"Privan de libertad a adolescente por presunto abuso sexual en Anzo\u00e1tegui"},"content":{"rendered":"\n<p>El Ministerio P\u00fablico (MP) ha formalizado la imputaci\u00f3n contra un adolescente de 17 a\u00f1os de edad, tras su presunta responsabilidad en el delito de abuso sexual sin penetraci\u00f3n, en agravio de una ni\u00f1a de 7 a\u00f1os. El suceso ha conmocionado a los habitantes del municipio Guanipa, donde ocurrieron los hechos.<br>\u200b<br>\u200bDe acuerdo con la informaci\u00f3n oficial, las autoridades tuvieron conocimiento del caso el pasado jueves 23 de abril, cuando el padre de la menor acudi\u00f3 a la sede del Servicio de Investigaci\u00f3n Penal de la Polic\u00eda de Guanipa (Poliguanipa) para interponer una denuncia formal.<\/p>\n\n\n\n<p>\u200bSeg\u00fan el testimonio del progenitor, la alerta surgi\u00f3 tras percatarse de la ausencia moment\u00e1nea de la ni\u00f1a de su hogar. Al iniciar la b\u00fasqueda en el sector donde residen, los familiares localizaron a la menor en un \u00e1rea apartada junto al adolescente. En ese momento, se observ\u00f3 que la vestimenta de la ni\u00f1a presentaba desorden y que el joven mostraba una actitud sospechosa, lo que motiv\u00f3 la intervenci\u00f3n inmediata de los cuerpos de seguridad.<br>\u200b<br>\u200bTras las actuaciones policiales iniciales, el caso fue presentado ante el Tribunal de Primera Instancia en Funciones de Control, Secci\u00f3n Adolescente, del Circuito Judicial Penal con extensi\u00f3n en El Tigre.<\/p>\n\n\n\n<p>\u200bDurante la audiencia de presentaci\u00f3n, realizada el pasado viernes 24 de abril, la instancia judicial dict\u00f3 la medida de privaci\u00f3n judicial preventiva de libertad contra el adolescente. El joven permanecer\u00e1 recluido mientras transcurren los lapsos procesales para profundizar en las investigaciones del caso y determinar las responsabilidades penales definitivas.<\/p>\n\n\n\n<p>\u200bPara garantizar el resguardo de los derechos fundamentales tanto de la v\u00edctima como del menor de edad aprehendido, se cont\u00f3 con la participaci\u00f3n activa del Consejo de Protecci\u00f3n de Ni\u00f1os, Ni\u00f1as y Adolescentes (CPNNA) durante todo el procedimiento.<\/p>\n\n\n\n<p>\u200bUna vez finalizadas las diligencias preliminares y completado el diagn\u00f3stico m\u00e9dico legal correspondiente, el expediente fue remitido a la Fiscal\u00eda 12\u00b0 del Ministerio P\u00fablico, organismo encargado de coordinar la investigaci\u00f3n y dirigir el proceso judicial subsiguiente.<\/p>\n\n\n\n<p>\u200bLas autoridades reiteran su compromiso con la protecci\u00f3n de los menores de edad y hacen un llamado a la colectividad para mantenerse alerta y denunciar cualquier situaci\u00f3n irregular que vulnere la integridad de ni\u00f1os, ni\u00f1as y adolescentes.<br>\u200b<br>Con informaci\u00f3n de <strong>agencias<\/strong><\/p>\n","protected":false},"excerpt":{"rendered":"<p>El Ministerio P\u00fablico (MP) ha formalizado la imputaci\u00f3n contra un adolescente de 17 a\u00f1os de edad, tras su presunta responsabilidad en el delito de abuso sexual sin penetraci\u00f3n, en agravio de una ni\u00f1a de 7 a\u00f1os. El suceso ha conmocionado a los habitantes del municipio Guanipa, donde ocurrieron los hechos.\u200b\u200bDe acuerdo con la informaci\u00f3n oficial, [&hellip;]<\/p>\n","protected":false},"author":38,"featured_media":309010,"comment_status":"closed","ping_status":"closed","sticky":false,"template":"","format":"standard","meta":{"footnotes":""},"categories":[13],"tags":[105],"class_list":{"0":"post-309008","1":"post","2":"type-post","3":"status-publish","4":"format-standard","5":"has-post-thumbnail","7":"category-sucesos","8":"tag-venezuela"},"_links":{"self":[{"href":"https:\/\/elluchador.info\/index.php?rest_route=\/wp\/v2\/posts\/309008","targetHints":{"allow":["GET"]}}],"collection":[{"href":"https:\/\/elluchador.info\/index.php?rest_route=\/wp\/v2\/posts"}],"about":[{"href":"https:\/\/elluchador.info\/index.php?rest_route=\/wp\/v2\/types\/post"}],"author":[{"embeddable":true,"href":"https:\/\/elluchador.info\/index.php?rest_route=\/wp\/v2\/users\/38"}],"replies":[{"embeddable":true,"href":"https:\/\/elluchador.info\/index.php?rest_route=%2Fwp%2Fv2%2Fcomments&post=309008"}],"version-history":[{"count":1,"href":"https:\/\/elluchador.info\/index.php?rest_route=\/wp\/v2\/posts\/309008\/revisions"}],"predecessor-version":[{"id":309011,"href":"https:\/\/elluchador.info\/index.php?rest_route=\/wp\/v2\/posts\/309008\/revisions\/309011"}],"wp:featuredmedia":[{"embeddable":true,"href":"https:\/\/elluchador.info\/index.php?rest_route=\/wp\/v2\/media\/309010"}],"wp:attachment":[{"href":"https:\/\/elluchador.info\/index.php?rest_route=%2Fwp%2Fv2%2Fmedia&parent=309008"}],"wp:term":[{"taxonomy":"category","embeddable":true,"href":"https:\/\/elluchador.info\/index.php?rest_route=%2Fwp%2Fv2%2Fcategories&post=309008"},{"taxonomy":"post_tag","embeddable":true,"href":"https:\/\/elluchador.info\/index.php?rest_route=%2Fwp%2Fv2%2Ftags&post=309008"}],"curies":[{"name":"wp","href":"https:\/\/api.w.org\/{rel}","templated":true}]}}