{"id":309019,"date":"2026-04-28T19:07:00","date_gmt":"2026-04-28T23:07:00","guid":{"rendered":"https:\/\/elluchador.info\/?p=309019"},"modified":"2026-04-28T19:04:57","modified_gmt":"2026-04-28T23:04:57","slug":"crecimiento-exponencial-de-la-ia-eleva-necesidad-de-su-regulacion","status":"publish","type":"post","link":"https:\/\/elluchador.info\/?p=309019","title":{"rendered":"Crecimiento exponencial de la IA eleva necesidad de su regulaci\u00f3n"},"content":{"rendered":"\n<p>La ministra del Poder Popular para Ciencia y Tecnolog\u00eda, Gabriela Jim\u00e9nez, ha reiterado la urgencia de establecer marcos regulatorios s\u00f3lidos ante el avance acelerado de la Inteligencia Artificial (IA).<\/p>\n\n\n\n<p>A trav\u00e9s de sus canales de comunicaci\u00f3n, la titular de la cartera cient\u00edfica subray\u00f3 que el crecimiento exponencial de estos sistemas exige normativas que garanticen el uso \u00e9tico, transparente y equitativo de los datos.<\/p>\n\n\n\n<p>\u200bEn su intervenci\u00f3n, la ministra Jim\u00e9nez enfatiz\u00f3 la postura de Venezuela en el escenario global, abogando por una visi\u00f3n que combine el desarrollo tecnol\u00f3gico con el respeto a la soberan\u00eda de las naciones.<\/p>\n\n\n\n<p>\u200b\u201cDesde Venezuela, destacamos la necesidad de consolidar una gobernanza global en inteligencia artificial, desde el ejercicio \u00e9tico de la vida, que genere oportunidades formativas, acceso a las nuevas tecnolog\u00edas y respeto a la soberan\u00eda\u201d, declar\u00f3 Jim\u00e9nez.<\/p>\n\n\n\n<p>\u200bComo parte integral de esta visi\u00f3n, la ministra plante\u00f3 un desaf\u00edo estrat\u00e9gico para la regi\u00f3n: Am\u00e9rica Latina y el Caribe deben formar a dos millones de profesionales especializados en \u00e1reas tecnol\u00f3gicas durante los pr\u00f3ximos cinco a\u00f1os.<\/p>\n\n\n\n<p>\u200bPara atender este objetivo, la Universidad Nacional de las Ciencias \u00abDr. Humberto Fern\u00e1ndez-Mor\u00e1n\u00bb se posiciona como un actor fundamental, impulsando programas acad\u00e9micos destinados a la formaci\u00f3n de la juventud venezolana, prepar\u00e1ndolos para liderar y participar activamente en la transformaci\u00f3n digital que demanda el siglo XXI.<\/p>\n\n\n\n<p>\u200bLa inquietud planteada por la ministra resuena en las agendas de organismos internacionales, donde Estados y organizaciones civiles trabajan actualmente en la promoci\u00f3n de est\u00e1ndares globales. Un ejemplo destacado de este esfuerzo es la iniciativa conjunta entre la Organizaci\u00f3n de las Naciones Unidas para la Educaci\u00f3n, la Ciencia y la Cultura (UNESCO) y el Programa de las Naciones Unidas para el Desarrollo (PNUD).<\/p>\n\n\n\n<p>\u200bRecientemente, el portal oficial de la UNESCO inform\u00f3 sobre el avance de un programa formativo organizado en la Academia de la Uni\u00f3n Internacional de Telecomunicaciones (UIT). En esta instancia, fueron seleccionados 50 responsables pol\u00edticos provenientes de 23 pa\u00edses de \u00c1frica, Asia y Estados \u00c1rabes, elegidos entre m\u00e1s de 740 postulantes.<\/p>\n\n\n\n<p>\u200bEl objetivo central de esta capacitaci\u00f3n es dotar a los funcionarios p\u00fablicos de herramientas para desarrollar marcos de gobernanza de datos basados en los derechos humanos, con especial enfoque en sectores cr\u00edticos para el bienestar social, como la salud, la identidad digital y los sistemas de protecci\u00f3n social.<\/p>\n\n\n\n<p>\u200bCon estas acciones, Venezuela se alinea con las discusiones internacionales de vanguardia, promoviendo un modelo de desarrollo cient\u00edfico que sit\u00faa al ser humano y a la \u00e9tica como los ejes rectores de la evoluci\u00f3n tecnol\u00f3gica.<br>\u200b<br>Con informaci\u00f3n de <strong>agencias<\/strong><\/p>\n","protected":false},"excerpt":{"rendered":"<p>La ministra del Poder Popular para Ciencia y Tecnolog\u00eda, Gabriela Jim\u00e9nez, ha reiterado la urgencia de establecer marcos regulatorios s\u00f3lidos ante el avance acelerado de la Inteligencia Artificial (IA). A trav\u00e9s de sus canales de comunicaci\u00f3n, la titular de la cartera cient\u00edfica subray\u00f3 que el crecimiento exponencial de estos sistemas exige normativas que garanticen el [&hellip;]<\/p>\n","protected":false},"author":38,"featured_media":309020,"comment_status":"closed","ping_status":"closed","sticky":false,"template":"","format":"standard","meta":{"footnotes":""},"categories":[14],"tags":[448],"class_list":{"0":"post-309019","1":"post","2":"type-post","3":"status-publish","4":"format-standard","5":"has-post-thumbnail","7":"category-tecnologia","8":"tag-mundo"},"_links":{"self":[{"href":"https:\/\/elluchador.info\/index.php?rest_route=\/wp\/v2\/posts\/309019","targetHints":{"allow":["GET"]}}],"collection":[{"href":"https:\/\/elluchador.info\/index.php?rest_route=\/wp\/v2\/posts"}],"about":[{"href":"https:\/\/elluchador.info\/index.php?rest_route=\/wp\/v2\/types\/post"}],"author":[{"embeddable":true,"href":"https:\/\/elluchador.info\/index.php?rest_route=\/wp\/v2\/users\/38"}],"replies":[{"embeddable":true,"href":"https:\/\/elluchador.info\/index.php?rest_route=%2Fwp%2Fv2%2Fcomments&post=309019"}],"version-history":[{"count":1,"href":"https:\/\/elluchador.info\/index.php?rest_route=\/wp\/v2\/posts\/309019\/revisions"}],"predecessor-version":[{"id":309021,"href":"https:\/\/elluchador.info\/index.php?rest_route=\/wp\/v2\/posts\/309019\/revisions\/309021"}],"wp:featuredmedia":[{"embeddable":true,"href":"https:\/\/elluchador.info\/index.php?rest_route=\/wp\/v2\/media\/309020"}],"wp:attachment":[{"href":"https:\/\/elluchador.info\/index.php?rest_route=%2Fwp%2Fv2%2Fmedia&parent=309019"}],"wp:term":[{"taxonomy":"category","embeddable":true,"href":"https:\/\/elluchador.info\/index.php?rest_route=%2Fwp%2Fv2%2Fcategories&post=309019"},{"taxonomy":"post_tag","embeddable":true,"href":"https:\/\/elluchador.info\/index.php?rest_route=%2Fwp%2Fv2%2Ftags&post=309019"}],"curies":[{"name":"wp","href":"https:\/\/api.w.org\/{rel}","templated":true}]}}