{"id":309046,"date":"2026-04-29T10:01:38","date_gmt":"2026-04-29T14:01:38","guid":{"rendered":"https:\/\/elluchador.info\/?p=309046"},"modified":"2026-04-29T10:01:42","modified_gmt":"2026-04-29T14:01:42","slug":"rodriguez-habra-mejoras-salariales-pero-que-ese-remedio-no-sea-peor-que-la-enfermedad","status":"publish","type":"post","link":"https:\/\/elluchador.info\/?p=309046","title":{"rendered":"Rodr\u00edguez: Habr\u00e1 mejoras salariales \u201cpero que ese remedio no sea peor que la enfermedad\u201d"},"content":{"rendered":"\n<p>Este martes 28 de abril, la presidenta (e), Delcy Rodr\u00edguez, se refiri\u00f3 a los anuncios que tiene previsto realizar en materia salarial el pr\u00f3ximo 1 de mayo y&nbsp;avanz\u00f3 que \u00abhabr\u00e1 mejoras, pero que ese remedio no sea peor que la enfermedad\u00bb.<\/p>\n\n\n\n<p>Rodr\u00edguez advirti\u00f3 que, desde que se anunci\u00f3 un incremento salarial cuyo monto se conocer\u00e1 en el marco del D\u00eda del Trabajador,&nbsp;\u00abhay quienes han creado sobreexpectativas\u00bb,&nbsp;recalcando que se establecer\u00e1n mejoras en los ingresos de los trabajadores.<\/p>\n\n\n\n<p>\u00abLas soluciones no son de un d\u00eda para otro, pero yo se que este a\u00f1o las vamos a ver\u00bb, afirm\u00f3 y acot\u00f3 que&nbsp;hay quienes tienen una \u00abinsana intenci\u00f3n de perturbar\u00bb.<\/p>\n\n\n\n<p>Durante su participaci\u00f3n en un acto con representantes de diversos sectores sociales en el Teatro Municipal de Valencia, en el estado Carabobo, la mandataria interina afirm\u00f3: \u00ablos trabajadores del pa\u00eds tienen mi respeto\u00bb, rese\u00f1a un reporte de&nbsp;<em>Uni\u00f3n Radio.<\/em><\/p>\n\n\n\n<p>Con informaci\u00f3n <strong>Medios Nacionales<\/strong><\/p>\n","protected":false},"excerpt":{"rendered":"<p>Este martes 28 de abril, la presidenta (e), Delcy Rodr\u00edguez, se refiri\u00f3 a los anuncios que tiene previsto realizar en materia salarial el pr\u00f3ximo 1 de mayo y&nbsp;avanz\u00f3 que \u00abhabr\u00e1 mejoras, pero que ese remedio no sea peor que la enfermedad\u00bb. Rodr\u00edguez advirti\u00f3 que, desde que se anunci\u00f3 un incremento salarial cuyo monto se conocer\u00e1 [&hellip;]<\/p>\n","protected":false},"author":33,"featured_media":309047,"comment_status":"closed","ping_status":"closed","sticky":false,"template":"","format":"standard","meta":{"footnotes":""},"categories":[5,11],"tags":[3709,2714],"class_list":{"0":"post-309046","1":"post","2":"type-post","3":"status-publish","4":"format-standard","5":"has-post-thumbnail","7":"category-destacado","8":"category-politica","9":"tag-delcy-rodriguez","10":"tag-salarios"},"_links":{"self":[{"href":"https:\/\/elluchador.info\/index.php?rest_route=\/wp\/v2\/posts\/309046","targetHints":{"allow":["GET"]}}],"collection":[{"href":"https:\/\/elluchador.info\/index.php?rest_route=\/wp\/v2\/posts"}],"about":[{"href":"https:\/\/elluchador.info\/index.php?rest_route=\/wp\/v2\/types\/post"}],"author":[{"embeddable":true,"href":"https:\/\/elluchador.info\/index.php?rest_route=\/wp\/v2\/users\/33"}],"replies":[{"embeddable":true,"href":"https:\/\/elluchador.info\/index.php?rest_route=%2Fwp%2Fv2%2Fcomments&post=309046"}],"version-history":[{"count":1,"href":"https:\/\/elluchador.info\/index.php?rest_route=\/wp\/v2\/posts\/309046\/revisions"}],"predecessor-version":[{"id":309048,"href":"https:\/\/elluchador.info\/index.php?rest_route=\/wp\/v2\/posts\/309046\/revisions\/309048"}],"wp:featuredmedia":[{"embeddable":true,"href":"https:\/\/elluchador.info\/index.php?rest_route=\/wp\/v2\/media\/309047"}],"wp:attachment":[{"href":"https:\/\/elluchador.info\/index.php?rest_route=%2Fwp%2Fv2%2Fmedia&parent=309046"}],"wp:term":[{"taxonomy":"category","embeddable":true,"href":"https:\/\/elluchador.info\/index.php?rest_route=%2Fwp%2Fv2%2Fcategories&post=309046"},{"taxonomy":"post_tag","embeddable":true,"href":"https:\/\/elluchador.info\/index.php?rest_route=%2Fwp%2Fv2%2Ftags&post=309046"}],"curies":[{"name":"wp","href":"https:\/\/api.w.org\/{rel}","templated":true}]}}