{"id":309078,"date":"2026-04-29T14:03:56","date_gmt":"2026-04-29T18:03:56","guid":{"rendered":"https:\/\/elluchador.info\/?p=309078"},"modified":"2026-04-29T14:04:00","modified_gmt":"2026-04-29T18:04:00","slug":"venezuela-acudira-a-la-cij-el-4may-para-defender-su-postura-sobre-el-esequibo","status":"publish","type":"post","link":"https:\/\/elluchador.info\/?p=309078","title":{"rendered":"Venezuela acudir\u00e1 a la CIJ el 4May para defender su postura sobre el Esequibo"},"content":{"rendered":"\n<p>El presidente de Guyana, Irfaan Ali, present\u00f3 una protesta oficial ante la Comunidad del Caribe (Caricom) luego de que la presidenta encargada de Venezuela, Delcy Rodr\u00edguez, luciera un broche con el mapa de su pa\u00eds que incluye el territorio del Esequibo, una zona de 160.000 kil\u00f3metros cuadrados rica en recursos naturales y en disputa entre ambas naciones.<\/p>\n\n\n\n<p>En una carta dirigida al primer ministro de San Crist\u00f3bal y Nieves, Terrence Drew, Ali calific\u00f3 el gesto como una \u201cafirmaci\u00f3n calculada y provocadora\u201d que desconoce los reclamos legales de su pa\u00eds. El mandatario guyan\u00e9s consider\u00f3 inaceptable que reuniones bilaterales recientes en Barbados y Granada hayan estado acompa\u00f1adas de \u201cs\u00edmbolos que reafirman la reivindicaci\u00f3n venezolana\u201d.<\/p>\n\n\n\n<p>Por su parte, Rodr\u00edguez respondi\u00f3 a las cr\u00edticas desde un acto en Carabobo: \u201cAhora les molesta hasta c\u00f3mo uno se viste. Yo uso el \u00fanico mapa que he conocido en mi vida\u201d. La funcionaria confirm\u00f3 que el pr\u00f3ximo 4 de mayo Venezuela acudir\u00e1 a la Corte Internacional de Justicia (CIJ) para defender su postura hist\u00f3rica basada en el Acuerdo de Ginebra de 1966.<\/p>\n\n\n\n<p>El canciller Yv\u00e1n Gil tambi\u00e9n arremeti\u00f3 contra Ali en X, asegurando que el mandatario guyan\u00e9s busca \u201cevadir su responsabilidad\u201d con una \u201cofensa simb\u00f3lica\u201d. \u201cLa soberan\u00eda territorial no se borra con cartas ni con shows improvisados\u201d, sentenci\u00f3 Gil.<\/p>\n\n\n\n<p>Con informaci\u00f3n <em><strong>Medios Nacionales<\/strong><\/em><\/p>\n","protected":false},"excerpt":{"rendered":"<p>El presidente de Guyana, Irfaan Ali, present\u00f3 una protesta oficial ante la Comunidad del Caribe (Caricom) luego de que la presidenta encargada de Venezuela, Delcy Rodr\u00edguez, luciera un broche con el mapa de su pa\u00eds que incluye el territorio del Esequibo, una zona de 160.000 kil\u00f3metros cuadrados rica en recursos naturales y en disputa entre [&hellip;]<\/p>\n","protected":false},"author":33,"featured_media":309079,"comment_status":"closed","ping_status":"closed","sticky":false,"template":"","format":"standard","meta":{"footnotes":""},"categories":[5,11],"tags":[2762,3336],"class_list":{"0":"post-309078","1":"post","2":"type-post","3":"status-publish","4":"format-standard","5":"has-post-thumbnail","7":"category-destacado","8":"category-politica","9":"tag-defensa","10":"tag-esequibo"},"_links":{"self":[{"href":"https:\/\/elluchador.info\/index.php?rest_route=\/wp\/v2\/posts\/309078","targetHints":{"allow":["GET"]}}],"collection":[{"href":"https:\/\/elluchador.info\/index.php?rest_route=\/wp\/v2\/posts"}],"about":[{"href":"https:\/\/elluchador.info\/index.php?rest_route=\/wp\/v2\/types\/post"}],"author":[{"embeddable":true,"href":"https:\/\/elluchador.info\/index.php?rest_route=\/wp\/v2\/users\/33"}],"replies":[{"embeddable":true,"href":"https:\/\/elluchador.info\/index.php?rest_route=%2Fwp%2Fv2%2Fcomments&post=309078"}],"version-history":[{"count":1,"href":"https:\/\/elluchador.info\/index.php?rest_route=\/wp\/v2\/posts\/309078\/revisions"}],"predecessor-version":[{"id":309080,"href":"https:\/\/elluchador.info\/index.php?rest_route=\/wp\/v2\/posts\/309078\/revisions\/309080"}],"wp:featuredmedia":[{"embeddable":true,"href":"https:\/\/elluchador.info\/index.php?rest_route=\/wp\/v2\/media\/309079"}],"wp:attachment":[{"href":"https:\/\/elluchador.info\/index.php?rest_route=%2Fwp%2Fv2%2Fmedia&parent=309078"}],"wp:term":[{"taxonomy":"category","embeddable":true,"href":"https:\/\/elluchador.info\/index.php?rest_route=%2Fwp%2Fv2%2Fcategories&post=309078"},{"taxonomy":"post_tag","embeddable":true,"href":"https:\/\/elluchador.info\/index.php?rest_route=%2Fwp%2Fv2%2Ftags&post=309078"}],"curies":[{"name":"wp","href":"https:\/\/api.w.org\/{rel}","templated":true}]}}