{"id":309095,"date":"2026-04-29T15:48:03","date_gmt":"2026-04-29T19:48:03","guid":{"rendered":"https:\/\/elluchador.info\/?p=309095"},"modified":"2026-04-29T15:48:08","modified_gmt":"2026-04-29T19:48:08","slug":"este-jueves-y-viernes-habra-movilizaciones-en-caracas-de-cara-al-dia-del-trabajador","status":"publish","type":"post","link":"https:\/\/elluchador.info\/?p=309095","title":{"rendered":"Este jueves y viernes habr\u00e1 movilizaciones en Caracas de cara al D\u00eda del Trabajador"},"content":{"rendered":"\n<p>Este jueves y viernes, la ciudad de Caracas ser\u00e1 el escenario de movilizaciones en el marco de la conmemoraci\u00f3n del D\u00eda Internacional del Trabajador. Tanto concentraciones de sectores gremiales como convocatorias gubernamentales, definir\u00e1n la din\u00e1mica vial y social del centro y este de la ciudad.<\/p>\n\n\n\n<p>La jornada de este jueves 30 de abril iniciar\u00e1 a las 9:00 a.m. con la convocatoria de la Coalici\u00f3n Sindical Nacional, que llam\u00f3 a sus bases a concentrarse en la Plaza Morelos. Desde all\u00ed, tienen previsto marchar con destino al Palacio de Miraflores para consignar sus exigencias laborales.<\/p>\n\n\n\n<p>Simult\u00e1neamente, el sector oficialista llevar\u00e1 a cabo el cierre de la \u00abGran Peregrinaci\u00f3n por una Venezuela sin sanciones y en paz\u00bb, liderado por la presidenta encargada, Delcy Rodr\u00edguez. A este encuentro masivo se sumar\u00e1 la Federaci\u00f3n de Trabajadores Universitarios de Venezuela (FTUV).<\/p>\n\n\n\n<p>Para el D\u00eda del Trabajador, que se conmemora este viernes 1 de mayo, la Confederaci\u00f3n de Trabajadores de Venezuela (CTV) y otras centrales sindicales protagonizar\u00e1n la \u00abGran Marcha Nacional Unitaria\u00bb. El punto de encuentro ser\u00e1 la Plaza Bri\u00f3n de Chaca\u00edto a las 9:30 a.m., con una ruta planificada hacia la Plaza Morelos.<\/p>\n\n\n\n<p>Por su parte, la clase obrera vinculada al Gobierno se movilizar\u00e1 en una ruta que iniciar\u00e1 en la Plaza San Mart\u00edn y culminar\u00e1 en las inmediaciones de la estaci\u00f3n del Metro La Paz.<\/p>\n\n\n\n<p>Ante este despliegue de movilizaciones, se recomienda a los ciudadanos tomar previsiones respecto al tr\u00e1nsito vehicular.<\/p>\n\n\n\n<p>Con informaci\u00f3n <em><strong>Medios Nacionales<\/strong><\/em><\/p>\n","protected":false},"excerpt":{"rendered":"<p>Este jueves y viernes, la ciudad de Caracas ser\u00e1 el escenario de movilizaciones en el marco de la conmemoraci\u00f3n del D\u00eda Internacional del Trabajador. Tanto concentraciones de sectores gremiales como convocatorias gubernamentales, definir\u00e1n la din\u00e1mica vial y social del centro y este de la ciudad. La jornada de este jueves 30 de abril iniciar\u00e1 a [&hellip;]<\/p>\n","protected":false},"author":33,"featured_media":309096,"comment_status":"closed","ping_status":"closed","sticky":false,"template":"","format":"standard","meta":{"footnotes":""},"categories":[11],"tags":[6976,1456,6977],"class_list":{"0":"post-309095","1":"post","2":"type-post","3":"status-publish","4":"format-standard","5":"has-post-thumbnail","7":"category-politica","8":"tag-movilizaciones","9":"tag-oposicion","10":"tag-trabajador"},"_links":{"self":[{"href":"https:\/\/elluchador.info\/index.php?rest_route=\/wp\/v2\/posts\/309095","targetHints":{"allow":["GET"]}}],"collection":[{"href":"https:\/\/elluchador.info\/index.php?rest_route=\/wp\/v2\/posts"}],"about":[{"href":"https:\/\/elluchador.info\/index.php?rest_route=\/wp\/v2\/types\/post"}],"author":[{"embeddable":true,"href":"https:\/\/elluchador.info\/index.php?rest_route=\/wp\/v2\/users\/33"}],"replies":[{"embeddable":true,"href":"https:\/\/elluchador.info\/index.php?rest_route=%2Fwp%2Fv2%2Fcomments&post=309095"}],"version-history":[{"count":1,"href":"https:\/\/elluchador.info\/index.php?rest_route=\/wp\/v2\/posts\/309095\/revisions"}],"predecessor-version":[{"id":309097,"href":"https:\/\/elluchador.info\/index.php?rest_route=\/wp\/v2\/posts\/309095\/revisions\/309097"}],"wp:featuredmedia":[{"embeddable":true,"href":"https:\/\/elluchador.info\/index.php?rest_route=\/wp\/v2\/media\/309096"}],"wp:attachment":[{"href":"https:\/\/elluchador.info\/index.php?rest_route=%2Fwp%2Fv2%2Fmedia&parent=309095"}],"wp:term":[{"taxonomy":"category","embeddable":true,"href":"https:\/\/elluchador.info\/index.php?rest_route=%2Fwp%2Fv2%2Fcategories&post=309095"},{"taxonomy":"post_tag","embeddable":true,"href":"https:\/\/elluchador.info\/index.php?rest_route=%2Fwp%2Fv2%2Ftags&post=309095"}],"curies":[{"name":"wp","href":"https:\/\/api.w.org\/{rel}","templated":true}]}}