{"id":309104,"date":"2026-04-29T17:44:14","date_gmt":"2026-04-29T21:44:14","guid":{"rendered":"https:\/\/elluchador.info\/?p=309104"},"modified":"2026-04-29T17:44:18","modified_gmt":"2026-04-29T21:44:18","slug":"consecomercio-proyecta-crecimiento-cercano-al-10-en-la-actividad-comercial","status":"publish","type":"post","link":"https:\/\/elluchador.info\/?p=309104","title":{"rendered":"Consecomercio proyecta crecimiento cercano al 10% en la actividad comercial"},"content":{"rendered":"\n<p>El presidente de Consecomercio, Jos\u00e9 Gregorio Rodr\u00edguez, estim\u00f3 que la actividad comercial podr\u00eda crecer entre 9% y 10% en el segundo semestre de 2026, con mayor dinamismo en los sectores de alimentaci\u00f3n, medicina y tecnolog\u00eda.<\/p>\n\n\n\n<p>Rodr\u00edguez se\u00f1al\u00f3 que estas expectativas responden a un cambio en el comportamiento del consumidor, que ahora combina varias actividades econ\u00f3micas para complementar ingresos. Afirm\u00f3 que este patr\u00f3n sostiene el repunte del comercio y los servicios.<\/p>\n\n\n\n<p><strong>Discusi\u00f3n salarial<\/strong><\/p>\n\n\n\n<p>El dirigente expres\u00f3 respaldo a cualquier ajuste salarial que sea sostenible en el tiempo, ante el anuncio que realizar\u00e1 el Ejecutivo el pr\u00f3ximo viernes. Indic\u00f3 que el incremento de ingresos debe estar acompa\u00f1ado por mejoras en productividad y generaci\u00f3n de riqueza para evitar presiones sobre costos y precios.<\/p>\n\n\n\n<p>Rodr\u00edguez advirti\u00f3 que los aumentos no pueden depender de emisi\u00f3n monetaria, porque afectar\u00edan la capacidad del sector privado para mantener precios y estructuras de costos. Se\u00f1al\u00f3 que la remuneraci\u00f3n, independientemente de su denominaci\u00f3n, pierde vigencia r\u00e1pidamente si no est\u00e1 respaldada por actividad econ\u00f3mica real.<\/p>\n\n\n\n<p>Con informaci\u00f3n <strong><em>Finanzas Digital<\/em><\/strong><\/p>\n","protected":false},"excerpt":{"rendered":"<p>El presidente de Consecomercio, Jos\u00e9 Gregorio Rodr\u00edguez, estim\u00f3 que la actividad comercial podr\u00eda crecer entre 9% y 10% en el segundo semestre de 2026, con mayor dinamismo en los sectores de alimentaci\u00f3n, medicina y tecnolog\u00eda. Rodr\u00edguez se\u00f1al\u00f3 que estas expectativas responden a un cambio en el comportamiento del consumidor, que ahora combina varias actividades econ\u00f3micas [&hellip;]<\/p>\n","protected":false},"author":33,"featured_media":309105,"comment_status":"closed","ping_status":"closed","sticky":false,"template":"","format":"standard","meta":{"footnotes":""},"categories":[6],"tags":[5202,6869],"class_list":{"0":"post-309104","1":"post","2":"type-post","3":"status-publish","4":"format-standard","5":"has-post-thumbnail","7":"category-economia","8":"tag-actividad","9":"tag-consecomercio"},"_links":{"self":[{"href":"https:\/\/elluchador.info\/index.php?rest_route=\/wp\/v2\/posts\/309104","targetHints":{"allow":["GET"]}}],"collection":[{"href":"https:\/\/elluchador.info\/index.php?rest_route=\/wp\/v2\/posts"}],"about":[{"href":"https:\/\/elluchador.info\/index.php?rest_route=\/wp\/v2\/types\/post"}],"author":[{"embeddable":true,"href":"https:\/\/elluchador.info\/index.php?rest_route=\/wp\/v2\/users\/33"}],"replies":[{"embeddable":true,"href":"https:\/\/elluchador.info\/index.php?rest_route=%2Fwp%2Fv2%2Fcomments&post=309104"}],"version-history":[{"count":1,"href":"https:\/\/elluchador.info\/index.php?rest_route=\/wp\/v2\/posts\/309104\/revisions"}],"predecessor-version":[{"id":309106,"href":"https:\/\/elluchador.info\/index.php?rest_route=\/wp\/v2\/posts\/309104\/revisions\/309106"}],"wp:featuredmedia":[{"embeddable":true,"href":"https:\/\/elluchador.info\/index.php?rest_route=\/wp\/v2\/media\/309105"}],"wp:attachment":[{"href":"https:\/\/elluchador.info\/index.php?rest_route=%2Fwp%2Fv2%2Fmedia&parent=309104"}],"wp:term":[{"taxonomy":"category","embeddable":true,"href":"https:\/\/elluchador.info\/index.php?rest_route=%2Fwp%2Fv2%2Fcategories&post=309104"},{"taxonomy":"post_tag","embeddable":true,"href":"https:\/\/elluchador.info\/index.php?rest_route=%2Fwp%2Fv2%2Ftags&post=309104"}],"curies":[{"name":"wp","href":"https:\/\/api.w.org\/{rel}","templated":true}]}}