{"id":309119,"date":"2026-04-30T08:08:00","date_gmt":"2026-04-30T12:08:00","guid":{"rendered":"https:\/\/elluchador.info\/?p=309119"},"modified":"2026-04-30T07:59:28","modified_gmt":"2026-04-30T11:59:28","slug":"jorge-rodriguez-exige-el-levantamiento-definitivo-de-las-1-860-sanciones-contra-el-pais","status":"publish","type":"post","link":"https:\/\/elluchador.info\/?p=309119","title":{"rendered":"Jorge Rodr\u00edguez exige el levantamiento definitivo de las 1.860 sanciones contra el pa\u00eds"},"content":{"rendered":"\n<p>Durante la Gran Peregrinaci\u00f3n Nacional realizada este mi\u00e9rcoles en Guarenas, el presidente de la Asamblea Nacional (AN), Jorge Rodr\u00edguez, exigi\u00f3 el cese total de las medidas coercitivas unilaterales que pesan sobre Venezuela, asegurando que el pa\u00eds cuenta con el potencial para un crecimiento econ\u00f3mico sin precedentes en la regi\u00f3n.<\/p>\n\n\n\n<p>\u200b<strong>El impacto de las sanciones en cifras<\/strong><br>\u200bEl tambi\u00e9n dirigente del Partido Socialista Unido de Venezuela (PSUV) detall\u00f3 que actualmente existen 1.860 sanciones afectando el desarrollo nacional. Rodr\u00edguez enfatiz\u00f3 que la flexibilizaci\u00f3n actual es insuficiente para las necesidades del pueblo venezolano.<\/p>\n\n\n\n<p>\u200b\u00bbSi se levantaran de forma definitiva las 1.860 sanciones existentes y no solo el 1% como hasta ahora, la econom\u00eda venezolana despegar\u00eda hasta convertirse en la m\u00e1s pr\u00f3spera de todo el continente americano\u00bb, asever\u00f3 el parlamentario.<\/p>\n\n\n\n<p>\u200b<strong>Avances diplom\u00e1ticos y di\u00e1logo<\/strong><br>\u200bRodr\u00edguez reconoci\u00f3 que la flexibilizaci\u00f3n de 18 sanciones mediante licencias espec\u00edficas ya muestra resultados positivos. Atribuy\u00f3 estos avances a la \u00abdiplomacia de paz\u00bb y al proceso de di\u00e1logo liderado por la presidenta encargada, Delcy Rodr\u00edguez.<\/p>\n\n\n\n<p>\u200bSeg\u00fan el jefe del Legislativo, este alivio parcial demuestra que el camino de la negociaci\u00f3n es efectivo, pero insisti\u00f3 en que el objetivo final debe ser la eliminaci\u00f3n total de los bloqueos.<\/p>\n\n\n\n<p><strong>\u200bImpacto humano: Salud y Migraci\u00f3n<\/strong><br>\u200bPara el presidente de la AN, las sanciones no son meros tr\u00e1mites burocr\u00e1ticos, sino acciones con un impacto humano directo. Durante su discurso, destac\u00f3 dos \u00e1reas cr\u00edticas:<br>\u200bCrisis Sanitaria: Vincul\u00f3 directamente la escasez de insumos m\u00e9dicos con las sanciones, mencionando las dificultades que enfrentan los pacientes en di\u00e1lisis y los hipertensos para conseguir medicamentos esenciales como el Losart\u00e1n.<\/p>\n\n\n\n<p>\u200bFen\u00f3meno Migratorio: Afirm\u00f3 que las sanciones son la causa principal de la migraci\u00f3n juvenil al limitar las oportunidades laborales. Advirti\u00f3 que, en el exterior, los venezolanos suelen recibir un trato indigno: \u00abSiempre ser\u00e1n peor tratados de lo que son tratados en nuestro pa\u00eds\u00bb.<\/p>\n\n\n\n<p>\u200bRodr\u00edguez, denunci\u00f3 que la intenci\u00f3n de fondo de estas medidas fue desarticular el \u00abestado de bienestar\u00bb instaurado por Hugo Ch\u00e1vez. Como ejemplo local, se\u00f1al\u00f3 la par\u00e1lisis que sufrieron sectores estrat\u00e9gicos en la zona de Guarenas, tales como:<br>\u200bIndustria farmac\u00e9utica.<br>\u200bSector calzado y pl\u00e1stico.<br>\u200bAgroindustria.<\/p>\n\n\n\n<p>\u200bA pesar de los desaf\u00edos descritos, el dirigente mostr\u00f3 una visi\u00f3n optimista, fundamentada en la resiliencia de los sectores productivos y en los avances logrados mediante las recientes licencias otorgadas. Reiter\u00f3 que el Estado continuar\u00e1 apostando por la soberan\u00eda econ\u00f3mica y la recuperaci\u00f3n del aparato industrial nacional.<\/p>\n\n\n\n<p>Con informaci\u00f3n de <strong>agencias<\/strong><\/p>\n\n\n\n<p><\/p>\n","protected":false},"excerpt":{"rendered":"<p>Durante la Gran Peregrinaci\u00f3n Nacional realizada este mi\u00e9rcoles en Guarenas, el presidente de la Asamblea Nacional (AN), Jorge Rodr\u00edguez, exigi\u00f3 el cese total de las medidas coercitivas unilaterales que pesan sobre Venezuela, asegurando que el pa\u00eds cuenta con el potencial para un crecimiento econ\u00f3mico sin precedentes en la regi\u00f3n. \u200bEl impacto de las sanciones en [&hellip;]<\/p>\n","protected":false},"author":38,"featured_media":309120,"comment_status":"closed","ping_status":"closed","sticky":false,"template":"","format":"standard","meta":{"footnotes":""},"categories":[11],"tags":[105],"class_list":{"0":"post-309119","1":"post","2":"type-post","3":"status-publish","4":"format-standard","5":"has-post-thumbnail","7":"category-politica","8":"tag-venezuela"},"_links":{"self":[{"href":"https:\/\/elluchador.info\/index.php?rest_route=\/wp\/v2\/posts\/309119","targetHints":{"allow":["GET"]}}],"collection":[{"href":"https:\/\/elluchador.info\/index.php?rest_route=\/wp\/v2\/posts"}],"about":[{"href":"https:\/\/elluchador.info\/index.php?rest_route=\/wp\/v2\/types\/post"}],"author":[{"embeddable":true,"href":"https:\/\/elluchador.info\/index.php?rest_route=\/wp\/v2\/users\/38"}],"replies":[{"embeddable":true,"href":"https:\/\/elluchador.info\/index.php?rest_route=%2Fwp%2Fv2%2Fcomments&post=309119"}],"version-history":[{"count":1,"href":"https:\/\/elluchador.info\/index.php?rest_route=\/wp\/v2\/posts\/309119\/revisions"}],"predecessor-version":[{"id":309121,"href":"https:\/\/elluchador.info\/index.php?rest_route=\/wp\/v2\/posts\/309119\/revisions\/309121"}],"wp:featuredmedia":[{"embeddable":true,"href":"https:\/\/elluchador.info\/index.php?rest_route=\/wp\/v2\/media\/309120"}],"wp:attachment":[{"href":"https:\/\/elluchador.info\/index.php?rest_route=%2Fwp%2Fv2%2Fmedia&parent=309119"}],"wp:term":[{"taxonomy":"category","embeddable":true,"href":"https:\/\/elluchador.info\/index.php?rest_route=%2Fwp%2Fv2%2Fcategories&post=309119"},{"taxonomy":"post_tag","embeddable":true,"href":"https:\/\/elluchador.info\/index.php?rest_route=%2Fwp%2Fv2%2Ftags&post=309119"}],"curies":[{"name":"wp","href":"https:\/\/api.w.org\/{rel}","templated":true}]}}