{"id":309122,"date":"2026-04-30T08:15:00","date_gmt":"2026-04-30T12:15:00","guid":{"rendered":"https:\/\/elluchador.info\/?p=309122"},"modified":"2026-04-30T08:02:53","modified_gmt":"2026-04-30T12:02:53","slug":"sectores-sociales-de-bolivar-convocan-a-gran-concentracion-en-la-plaza-monumental-de-puerto-ordaz-este-1-de-mayo","status":"publish","type":"post","link":"https:\/\/elluchador.info\/?p=309122","title":{"rendered":"Sectores sociales de Bol\u00edvar convocan a gran concentraci\u00f3n en la Plaza Monumental de Puerto Ordaz este 1\u00b0 de mayo"},"content":{"rendered":"\n<p><sub><em>***Organizaciones sindicales, gremios y sociedad civil se declaran en rebeld\u00eda y exigen salarios dignos, libertad para presos pol\u00edticos y elecciones presidenciales ya<\/em><\/sub><\/p>\n\n\n\n<p>En un encuentro que marc\u00f3 la unidad de diversos sectores sociales, la sede de la CVG fue el escenario donde la organizaci\u00f3n \u00abGuerreros y Guerreras de Guayana\u00bb, la \u00abCasa de la Libertad\u00bb, el Movimiento Unidos por Venalum, Comanditos de Abogados trabajadores de Sidor, defensores de los derechos humanos de los jubilados y pensionados y diversos liderazgos pol\u00edticos y sindicales, ofrecieron una rueda de prensa este mi\u00e9rcoles 29 de abril.<\/p>\n\n\n\n<p>El objetivo central de la convocatoria fue extender un llamado masivo a la clase trabajadora del estado Bol\u00edvar para participar en la Gran Marcha del D\u00eda del Trabajador, que tendr\u00e1 como punto de encuentro la Plaza Monumental de Alta Vista, en Ciudad Guayana, el pr\u00f3ximo viernes 1\u00b0 de mayo.<\/p>\n\n\n\n<p>Durante la actividad, los portavoces regionales manifestaron un profundo descontento ante lo que calificaron como una gesti\u00f3n gubernamental marcada por la desidia. Los asistentes entre quienes se encontraban educadores, jubilados, pensionados y amas de casa coincidieron en una agenda de exigencias fundamentales que incluye:<br>La urgencia de establecer sueldos dignos que cubran las necesidades b\u00e1sicas.<br>El cese de la persecuci\u00f3n, la liberaci\u00f3n de los presos pol\u00edticos y la garant\u00eda de elecciones libres.<br>El fin del amedrentamiento hacia la masa laboral.<\/p>\n\n\n\n<figure class=\"wp-block-image size-large\"><img loading=\"lazy\" decoding=\"async\" width=\"1024\" height=\"576\" src=\"https:\/\/elluchador.info\/wp-content\/uploads\/2026\/04\/IMG-20260429-WA0084-1024x576.jpg\" alt=\"\" class=\"wp-image-309125\" srcset=\"https:\/\/elluchador.info\/wp-content\/uploads\/2026\/04\/IMG-20260429-WA0084-1024x576.jpg 1024w, https:\/\/elluchador.info\/wp-content\/uploads\/2026\/04\/IMG-20260429-WA0084-300x169.jpg 300w, https:\/\/elluchador.info\/wp-content\/uploads\/2026\/04\/IMG-20260429-WA0084-768x432.jpg 768w, https:\/\/elluchador.info\/wp-content\/uploads\/2026\/04\/IMG-20260429-WA0084-150x84.jpg 150w, https:\/\/elluchador.info\/wp-content\/uploads\/2026\/04\/IMG-20260429-WA0084-696x392.jpg 696w, https:\/\/elluchador.info\/wp-content\/uploads\/2026\/04\/IMG-20260429-WA0084-1068x601.jpg 1068w, https:\/\/elluchador.info\/wp-content\/uploads\/2026\/04\/IMG-20260429-WA0084.jpg 1280w\" sizes=\"auto, (max-width: 1024px) 100vw, 1024px\" \/><\/figure>\n\n\n\n<p>L\u00edderes sindicales presentes enfatizaron que, bajo el contexto actual, el 1\u00b0 de mayo no representa una fecha de celebraci\u00f3n, sino una oportunidad para demostrar rebeld\u00eda y protesta activa. Denunciaron las constantes \u00abhumillaciones\u00bb que el Ejecutivo Nacional propina al pueblo y se\u00f1alaron que la presencia en las calles es la respuesta natural de una fuerza trabajadora que ha decidido levantar la voz tras a\u00f1os de opresi\u00f3n.<\/p>\n\n\n\n<p>El ambiente de la rueda de prensa estuvo marcado por el entusiasmo de los asistentes, quienes, al un\u00edsono, expresaron consignas en favor de la democracia y la recuperaci\u00f3n del poder adquisitivo.<\/p>\n\n\n\n<p>La dirigencia inst\u00f3 a todos los ciudadanos de Bol\u00edvar a vencer el miedo y sumarse a esta movilizaci\u00f3n, asegurando que el restablecimiento de los derechos contractuales y democr\u00e1ticos solo ser\u00e1 posible a trav\u00e9s de la presi\u00f3n social y la unidad de los sectores que hoy se encuentran vulnerados por la crisis econ\u00f3mica.<\/p>\n\n\n\n<p>Con informaci\u00f3n de <strong>Prensa Giro<\/strong><\/p>\n\n\n\n<p><\/p>\n","protected":false},"excerpt":{"rendered":"<p>***Organizaciones sindicales, gremios y sociedad civil se declaran en rebeld\u00eda y exigen salarios dignos, libertad para presos pol\u00edticos y elecciones presidenciales ya En un encuentro que marc\u00f3 la unidad de diversos sectores sociales, la sede de la CVG fue el escenario donde la organizaci\u00f3n \u00abGuerreros y Guerreras de Guayana\u00bb, la \u00abCasa de la Libertad\u00bb, el [&hellip;]<\/p>\n","protected":false},"author":38,"featured_media":309123,"comment_status":"closed","ping_status":"closed","sticky":false,"template":"","format":"standard","meta":{"footnotes":""},"categories":[11],"tags":[185,1178],"class_list":{"0":"post-309122","1":"post","2":"type-post","3":"status-publish","4":"format-standard","5":"has-post-thumbnail","7":"category-politica","8":"tag-bolivar","9":"tag-ciudad-guayana"},"_links":{"self":[{"href":"https:\/\/elluchador.info\/index.php?rest_route=\/wp\/v2\/posts\/309122","targetHints":{"allow":["GET"]}}],"collection":[{"href":"https:\/\/elluchador.info\/index.php?rest_route=\/wp\/v2\/posts"}],"about":[{"href":"https:\/\/elluchador.info\/index.php?rest_route=\/wp\/v2\/types\/post"}],"author":[{"embeddable":true,"href":"https:\/\/elluchador.info\/index.php?rest_route=\/wp\/v2\/users\/38"}],"replies":[{"embeddable":true,"href":"https:\/\/elluchador.info\/index.php?rest_route=%2Fwp%2Fv2%2Fcomments&post=309122"}],"version-history":[{"count":1,"href":"https:\/\/elluchador.info\/index.php?rest_route=\/wp\/v2\/posts\/309122\/revisions"}],"predecessor-version":[{"id":309126,"href":"https:\/\/elluchador.info\/index.php?rest_route=\/wp\/v2\/posts\/309122\/revisions\/309126"}],"wp:featuredmedia":[{"embeddable":true,"href":"https:\/\/elluchador.info\/index.php?rest_route=\/wp\/v2\/media\/309123"}],"wp:attachment":[{"href":"https:\/\/elluchador.info\/index.php?rest_route=%2Fwp%2Fv2%2Fmedia&parent=309122"}],"wp:term":[{"taxonomy":"category","embeddable":true,"href":"https:\/\/elluchador.info\/index.php?rest_route=%2Fwp%2Fv2%2Fcategories&post=309122"},{"taxonomy":"post_tag","embeddable":true,"href":"https:\/\/elluchador.info\/index.php?rest_route=%2Fwp%2Fv2%2Ftags&post=309122"}],"curies":[{"name":"wp","href":"https:\/\/api.w.org\/{rel}","templated":true}]}}