{"id":309127,"date":"2026-04-30T08:30:00","date_gmt":"2026-04-30T12:30:00","guid":{"rendered":"https:\/\/elluchador.info\/?p=309127"},"modified":"2026-04-30T08:24:17","modified_gmt":"2026-04-30T12:24:17","slug":"ue-mantiene-sanciones-a-delcy-rodriguez-pese-a-invitacion-del-gobierno-de-pedro-sanchez","status":"publish","type":"post","link":"https:\/\/elluchador.info\/?p=309127","title":{"rendered":"UE mantiene sanciones a Delcy Rodr\u00edguez pese a invitaci\u00f3n del Gobierno de Pedro S\u00e1nchez"},"content":{"rendered":"\n<p>En una votaci\u00f3n decisiva celebrada este jueves 30 de abril de 2026, el Parlamento Europeo aprob\u00f3 una resoluci\u00f3n que insta al Consejo de la Uni\u00f3n Europea a mantener las medidas restrictivas contra la actual presidenta encargada de Venezuela, Delcy Rodr\u00edguez. La Euroc\u00e1mara advierte que cualquier alivio en la presi\u00f3n internacional debe estar estrictamente condicionado a avances democr\u00e1ticos verificables en el pa\u00eds.<\/p>\n\n\n\n<p>\u200bLa resoluci\u00f3n, impulsada por el Partido Popular y respaldada por una amplia mayor\u00eda, surge en medio de la controversia generada por la invitaci\u00f3n extendida por el Gobierno de Espa\u00f1a a Rodr\u00edguez para asistir a la pr\u00f3xima Cumbre Iberoamericana en Madrid.<\/p>\n\n\n\n<p><strong>\u200bCondiciones innegociables para la flexibilizaci\u00f3n<\/strong><br>\u200bEl texto aprobado subraya que el r\u00e9gimen de sanciones es una herramienta fundamental de presi\u00f3n pol\u00edtica y que su modificaci\u00f3n solo ser\u00e1 posible si se cumplen tres hitos fundamentales:<br>\u200bLiberaci\u00f3n inmediata e incondicional de todos los presos pol\u00edticos (estimados en unos 470).<br>\u200bAnulaci\u00f3n de procesos judiciales arbitrarios contra l\u00edderes de la oposici\u00f3n democr\u00e1tica.<br>\u200bAdopci\u00f3n de una hoja de ruta cre\u00edble y transparente que garantice la celebraci\u00f3n de elecciones libres y justas.<br>\u200bPol\u00e9mica diplom\u00e1tica y el papel de Espa\u00f1a<\/p>\n\n\n\n<p>\u200bLa resoluci\u00f3n se sit\u00faa en el centro del debate entre la diplomacia espa\u00f1ola y la normativa comunitaria. Aunque la UE mantiene una prohibici\u00f3n de entrada al espacio Schengen para los funcionarios sancionados, existen precedentes de excepciones t\u00e9cnicas para eventos diplom\u00e1ticos internacionales de alto nivel, como ocurri\u00f3 en 2023. No obstante, el Parlamento Europeo considera que una invitaci\u00f3n sin contrapartidas democr\u00e1ticas env\u00eda un mensaje de debilidad.<\/p>\n\n\n\n<p>\u200bDolors Montserrat, eurodiputada del Partido Popular Europeo, calific\u00f3 la situaci\u00f3n actual como \u00abdesafiante\u00bb y reiter\u00f3 la necesidad de no flaquear en la defensa de los derechos humanos: \u00abLa presi\u00f3n internacional debe mantenerse firme hasta que los 470 presos pol\u00edticos regresen con sus familias y se garantice el retorno de la democracia\u00bb, se\u00f1al\u00f3 durante el debate.<\/p>\n\n\n\n<p><strong>\u200bLa votaci\u00f3n en cifras<\/strong><br>\u200bEl respaldo a la resoluci\u00f3n fue contundente, reflejando un consenso mayoritario sobre la situaci\u00f3n venezolana en la C\u00e1mara:<br>\u200b507 votos a favor: Una mayor\u00eda s\u00f3lida que respalda la firmeza frente al r\u00e9gimen.<br>\u200b31 votos en contra: Representando la oposici\u00f3n minoritaria a la pol\u00edtica de sanciones.<br>\u200b35 abstenciones: Miembros que optaron por no comprometer su postura oficial.<\/p>\n\n\n\n<p><strong>\u200bPr\u00f3ximos pasos<\/strong><br>\u200bLa pelota est\u00e1 ahora en el tejado del Consejo de la Uni\u00f3n Europea. Los Estados miembros deber\u00e1n decidir en los pr\u00f3ximos meses si mantienen, prorrogan o modifican el r\u00e9gimen de sanciones vigente, en una decisi\u00f3n que marcar\u00e1 el tono de la relaci\u00f3n entre la UE y Venezuela de cara a la cita de Madrid en noviembre.<br>\u200b<br>Con informaci\u00f3n de <strong>agencias<\/strong><\/p>\n\n\n\n<p><\/p>\n","protected":false},"excerpt":{"rendered":"<p>En una votaci\u00f3n decisiva celebrada este jueves 30 de abril de 2026, el Parlamento Europeo aprob\u00f3 una resoluci\u00f3n que insta al Consejo de la Uni\u00f3n Europea a mantener las medidas restrictivas contra la actual presidenta encargada de Venezuela, Delcy Rodr\u00edguez. La Euroc\u00e1mara advierte que cualquier alivio en la presi\u00f3n internacional debe estar estrictamente condicionado a [&hellip;]<\/p>\n","protected":false},"author":38,"featured_media":309128,"comment_status":"closed","ping_status":"closed","sticky":false,"template":"","format":"standard","meta":{"footnotes":""},"categories":[8],"tags":[448,105],"class_list":{"0":"post-309127","1":"post","2":"type-post","3":"status-publish","4":"format-standard","5":"has-post-thumbnail","7":"category-internacionales","8":"tag-mundo","9":"tag-venezuela"},"_links":{"self":[{"href":"https:\/\/elluchador.info\/index.php?rest_route=\/wp\/v2\/posts\/309127","targetHints":{"allow":["GET"]}}],"collection":[{"href":"https:\/\/elluchador.info\/index.php?rest_route=\/wp\/v2\/posts"}],"about":[{"href":"https:\/\/elluchador.info\/index.php?rest_route=\/wp\/v2\/types\/post"}],"author":[{"embeddable":true,"href":"https:\/\/elluchador.info\/index.php?rest_route=\/wp\/v2\/users\/38"}],"replies":[{"embeddable":true,"href":"https:\/\/elluchador.info\/index.php?rest_route=%2Fwp%2Fv2%2Fcomments&post=309127"}],"version-history":[{"count":1,"href":"https:\/\/elluchador.info\/index.php?rest_route=\/wp\/v2\/posts\/309127\/revisions"}],"predecessor-version":[{"id":309129,"href":"https:\/\/elluchador.info\/index.php?rest_route=\/wp\/v2\/posts\/309127\/revisions\/309129"}],"wp:featuredmedia":[{"embeddable":true,"href":"https:\/\/elluchador.info\/index.php?rest_route=\/wp\/v2\/media\/309128"}],"wp:attachment":[{"href":"https:\/\/elluchador.info\/index.php?rest_route=%2Fwp%2Fv2%2Fmedia&parent=309127"}],"wp:term":[{"taxonomy":"category","embeddable":true,"href":"https:\/\/elluchador.info\/index.php?rest_route=%2Fwp%2Fv2%2Fcategories&post=309127"},{"taxonomy":"post_tag","embeddable":true,"href":"https:\/\/elluchador.info\/index.php?rest_route=%2Fwp%2Fv2%2Ftags&post=309127"}],"curies":[{"name":"wp","href":"https:\/\/api.w.org\/{rel}","templated":true}]}}