{"id":309171,"date":"2026-04-30T12:13:00","date_gmt":"2026-04-30T16:13:00","guid":{"rendered":"https:\/\/elluchador.info\/?p=309171"},"modified":"2026-04-30T12:08:17","modified_gmt":"2026-04-30T16:08:17","slug":"pagan-bono-de-corresponsabilidad-y-formacion-a-trabajadores-de-nomina-especial","status":"publish","type":"post","link":"https:\/\/elluchador.info\/?p=309171","title":{"rendered":"Pagan bono de \u00abCorresponsabilidad y Formaci\u00f3n\u00bb a trabajadores de n\u00f3mina especial"},"content":{"rendered":"\n<p>El Gobierno Nacional, a trav\u00e9s de la Plataforma Patria, inici\u00f3 este jueves el pago del bono \u00abCorresponsabilidad y Formaci\u00f3n\u00bb, correspondiente al mes de abril de 2026. Esta asignaci\u00f3n est\u00e1 destinada espec\u00edficamente a los trabajadores de la administraci\u00f3n p\u00fablica que forman parte de la n\u00f3mina especial.<\/p>\n\n\n\n<p>\u200bSeg\u00fan la informaci\u00f3n difundida por el canal oficial Patria Digital en sus redes sociales, el monto establecido para este per\u00edodo es de Bs. 51.135. De acuerdo con el tipo de cambio oficial publicado por el Banco Central de Venezuela (BCV), esta cifra equivale aproximadamente a US$ 104,97.<\/p>\n\n\n\n<p>\u200bEste nuevo ajuste representa un incremento del 2,68% en moneda nacional respecto al mes de marzo de 2026, cuando el beneficio se situ\u00f3 en Bs. 49.800.<\/p>\n\n\n\n<p>\u200bEs fundamental recordar que el bono de \u00abCorresponsabilidad y Formaci\u00f3n\u00bb no posee un monto \u00fanico universal. El dep\u00f3sito final que recibe cada beneficiario est\u00e1 sujeto a criterios de evaluaci\u00f3n interna, variando seg\u00fan:<br>\u200bEl organismo p\u00fablico donde el trabajador presta sus servicios.<br>\u200bEl cargo desempe\u00f1ado y las responsabilidades asignadas.<br>\u200b<br>Con informaci\u00f3n de <strong>agencias<\/strong><\/p>\n\n\n\n<p><\/p>\n","protected":false},"excerpt":{"rendered":"<p>El Gobierno Nacional, a trav\u00e9s de la Plataforma Patria, inici\u00f3 este jueves el pago del bono \u00abCorresponsabilidad y Formaci\u00f3n\u00bb, correspondiente al mes de abril de 2026. Esta asignaci\u00f3n est\u00e1 destinada espec\u00edficamente a los trabajadores de la administraci\u00f3n p\u00fablica que forman parte de la n\u00f3mina especial. \u200bSeg\u00fan la informaci\u00f3n difundida por el canal oficial Patria Digital [&hellip;]<\/p>\n","protected":false},"author":38,"featured_media":309172,"comment_status":"closed","ping_status":"closed","sticky":false,"template":"","format":"standard","meta":{"footnotes":""},"categories":[6],"tags":[105],"class_list":{"0":"post-309171","1":"post","2":"type-post","3":"status-publish","4":"format-standard","5":"has-post-thumbnail","7":"category-economia","8":"tag-venezuela"},"_links":{"self":[{"href":"https:\/\/elluchador.info\/index.php?rest_route=\/wp\/v2\/posts\/309171","targetHints":{"allow":["GET"]}}],"collection":[{"href":"https:\/\/elluchador.info\/index.php?rest_route=\/wp\/v2\/posts"}],"about":[{"href":"https:\/\/elluchador.info\/index.php?rest_route=\/wp\/v2\/types\/post"}],"author":[{"embeddable":true,"href":"https:\/\/elluchador.info\/index.php?rest_route=\/wp\/v2\/users\/38"}],"replies":[{"embeddable":true,"href":"https:\/\/elluchador.info\/index.php?rest_route=%2Fwp%2Fv2%2Fcomments&post=309171"}],"version-history":[{"count":1,"href":"https:\/\/elluchador.info\/index.php?rest_route=\/wp\/v2\/posts\/309171\/revisions"}],"predecessor-version":[{"id":309173,"href":"https:\/\/elluchador.info\/index.php?rest_route=\/wp\/v2\/posts\/309171\/revisions\/309173"}],"wp:featuredmedia":[{"embeddable":true,"href":"https:\/\/elluchador.info\/index.php?rest_route=\/wp\/v2\/media\/309172"}],"wp:attachment":[{"href":"https:\/\/elluchador.info\/index.php?rest_route=%2Fwp%2Fv2%2Fmedia&parent=309171"}],"wp:term":[{"taxonomy":"category","embeddable":true,"href":"https:\/\/elluchador.info\/index.php?rest_route=%2Fwp%2Fv2%2Fcategories&post=309171"},{"taxonomy":"post_tag","embeddable":true,"href":"https:\/\/elluchador.info\/index.php?rest_route=%2Fwp%2Fv2%2Ftags&post=309171"}],"curies":[{"name":"wp","href":"https:\/\/api.w.org\/{rel}","templated":true}]}}