{"id":309183,"date":"2026-04-30T13:56:00","date_gmt":"2026-04-30T17:56:00","guid":{"rendered":"https:\/\/elluchador.info\/?p=309183"},"modified":"2026-04-30T13:54:09","modified_gmt":"2026-04-30T17:54:09","slug":"gobierno-nacional-impulsa-organizacion-minera-en-las-claritas-y-anuncia-proyecto-de-planta-de-lixiviacion-comunal-en-el-km-88","status":"publish","type":"post","link":"https:\/\/elluchador.info\/?p=309183","title":{"rendered":"Gobierno nacional impulsa organizaci\u00f3n minera en Las Claritas y anuncia proyecto de planta de lixiviaci\u00f3n comunal en el Km 88"},"content":{"rendered":"\n<p>Con el prop\u00f3sito de fortalecer la organizaci\u00f3n popular y productiva del sector minero, el ministro del Poder Popular para el Desarrollo Minero Ecol\u00f3gico, H\u00e9ctor Silva Hern\u00e1ndez, encabez\u00f3 el Primer Encuentro de Mineros y Mineras del Kil\u00f3metro 88, realizado en Las Claritas, municipio Sifontes del estado Bol\u00edvar.<\/p>\n\n\n\n<p>La actividad reuni\u00f3 a trabajadores y trabajadoras del sector aur\u00edfero, brigadas mineras y representantes de las comunidades, en un espacio de articulaci\u00f3n orientado a consolidar mecanismos de organizaci\u00f3n que permitan avanzar hacia una miner\u00eda m\u00e1s eficiente, responsable y con mayor impacto social.<\/p>\n\n\n\n<p>Durante la jornada, fue anunciado el proyecto de construcci\u00f3n de la primera planta de lixiviaci\u00f3n comunal de la zona, una iniciativa impulsada por la Corporaci\u00f3n Venezolana de Miner\u00eda (CVM), que busca fortalecer la capacidad de procesamiento del mineral y generar beneficios directos para las comunidades mineras.<\/p>\n\n\n\n<p>El ministro H\u00e9ctor Silva destac\u00f3 que este proyecto representa un avance importante para democratizar el procesamiento del mineral, permitiendo que la riqueza generada por la actividad minera pueda traducirse en mejoras para sectores fundamentales como la educaci\u00f3n, la salud y el desarrollo social de las familias de la zona.<\/p>\n\n\n\n<p>Asimismo, resalt\u00f3 el papel de las Brigadas Mineras como herramienta fundamental para la organizaci\u00f3n territorial y el impulso de una miner\u00eda responsable, alineada con las pol\u00edticas de desarrollo productivo y sostenibilidad promovidas por el Ejecutivo nacional.<\/p>\n\n\n\n<p>El encuentro tambi\u00e9n permiti\u00f3 escuchar propuestas y planteamientos de los trabajadores del Km 88, fortaleciendo la articulaci\u00f3n entre el Gobierno nacional y el sector minero organizado en una de las zonas estrat\u00e9gicas para la producci\u00f3n aur\u00edfera del estado Bol\u00edvar.<\/p>\n\n\n\n<p>Estas acciones forman parte de la agenda de fortalecimiento del Motor Minero, orientada a consolidar un modelo productivo sostenible con mayor participaci\u00f3n popular y compromiso con el desarrollo integral del pa\u00eds.<\/p>\n\n\n\n<p>Con informaci\u00f3n de <strong>Prensa Miner\u00eda<\/strong><\/p>\n\n\n\n<p><\/p>\n","protected":false},"excerpt":{"rendered":"<p>Con el prop\u00f3sito de fortalecer la organizaci\u00f3n popular y productiva del sector minero, el ministro del Poder Popular para el Desarrollo Minero Ecol\u00f3gico, H\u00e9ctor Silva Hern\u00e1ndez, encabez\u00f3 el Primer Encuentro de Mineros y Mineras del Kil\u00f3metro 88, realizado en Las Claritas, municipio Sifontes del estado Bol\u00edvar. La actividad reuni\u00f3 a trabajadores y trabajadoras del sector [&hellip;]<\/p>\n","protected":false},"author":38,"featured_media":309184,"comment_status":"closed","ping_status":"closed","sticky":false,"template":"","format":"standard","meta":{"footnotes":""},"categories":[12],"tags":[185,105],"class_list":{"0":"post-309183","1":"post","2":"type-post","3":"status-publish","4":"format-standard","5":"has-post-thumbnail","7":"category-regionales","8":"tag-bolivar","9":"tag-venezuela"},"_links":{"self":[{"href":"https:\/\/elluchador.info\/index.php?rest_route=\/wp\/v2\/posts\/309183","targetHints":{"allow":["GET"]}}],"collection":[{"href":"https:\/\/elluchador.info\/index.php?rest_route=\/wp\/v2\/posts"}],"about":[{"href":"https:\/\/elluchador.info\/index.php?rest_route=\/wp\/v2\/types\/post"}],"author":[{"embeddable":true,"href":"https:\/\/elluchador.info\/index.php?rest_route=\/wp\/v2\/users\/38"}],"replies":[{"embeddable":true,"href":"https:\/\/elluchador.info\/index.php?rest_route=%2Fwp%2Fv2%2Fcomments&post=309183"}],"version-history":[{"count":1,"href":"https:\/\/elluchador.info\/index.php?rest_route=\/wp\/v2\/posts\/309183\/revisions"}],"predecessor-version":[{"id":309185,"href":"https:\/\/elluchador.info\/index.php?rest_route=\/wp\/v2\/posts\/309183\/revisions\/309185"}],"wp:featuredmedia":[{"embeddable":true,"href":"https:\/\/elluchador.info\/index.php?rest_route=\/wp\/v2\/media\/309184"}],"wp:attachment":[{"href":"https:\/\/elluchador.info\/index.php?rest_route=%2Fwp%2Fv2%2Fmedia&parent=309183"}],"wp:term":[{"taxonomy":"category","embeddable":true,"href":"https:\/\/elluchador.info\/index.php?rest_route=%2Fwp%2Fv2%2Fcategories&post=309183"},{"taxonomy":"post_tag","embeddable":true,"href":"https:\/\/elluchador.info\/index.php?rest_route=%2Fwp%2Fv2%2Ftags&post=309183"}],"curies":[{"name":"wp","href":"https:\/\/api.w.org\/{rel}","templated":true}]}}