{"id":309189,"date":"2026-04-30T14:15:00","date_gmt":"2026-04-30T18:15:00","guid":{"rendered":"https:\/\/elluchador.info\/?p=309189"},"modified":"2026-04-30T14:02:30","modified_gmt":"2026-04-30T18:02:30","slug":"avanzan-en-la-creacion-de-puntos-de-atencion-al-minero-tras-encuentro-de-seguridad-en-bolivar","status":"publish","type":"post","link":"https:\/\/elluchador.info\/?p=309189","title":{"rendered":"Avanzan en la creaci\u00f3n de Puntos de Atenci\u00f3n al Minero tras encuentro de seguridad en Bol\u00edvar"},"content":{"rendered":"\n<p>En cumplimiento de las l\u00edneas estrat\u00e9gicas establecidas por la presidenta (E), Delcy Rodr\u00edguez, y con el objetivo de fortalecer el desarrollo social, integral y la seguridad ciudadana, el ministro del Poder Popular de Desarrollo Minero Ecol\u00f3gico e Industrias B\u00e1sicas, H\u00e9ctor Silva, encabez\u00f3 una reuni\u00f3n de trabajo con los principales organismos de seguridad en el estado Bol\u00edvar, con el prop\u00f3sito de establecer estrategias de protecci\u00f3n para el Arco Minero del Orinoco.<\/p>\n\n\n\n<p>El encuentro cont\u00f3 con la presencia del viceministro de Otros Minerales Estrat\u00e9gicos No Aur\u00edferos, Jes\u00fas Mieres, y el vicepresidente de Minerven, Jackson Esteila. Tambi\u00e9n participaron el comandante de la REDI Guayana, MG. Wilfredo Medrano; el comandante de la ZODI Guayana Esequiba, GD. Henry Gonzales; el comandante de la ZODI Bol\u00edvar, GD. Miguel Yilales; as\u00ed como representantes del Cuerpo de Investigaciones Cient\u00edficas, Penales y Criminal\u00edsticas (CICPC), la Guardia Nacional Bolivariana, la Polic\u00eda Nacional Bolivariana, la Polic\u00eda del estado Bol\u00edvar, el Grupo de Protecci\u00f3n del Arco Minero del Orinoco, Resguardo Minero, SEBIN y DGCIM.<\/p>\n\n\n\n<p>El encuentro sirvi\u00f3 para fortalecer la fusi\u00f3n c\u00edvico-militar-policial y plantear la estructura de los Puntos de Atenci\u00f3n al Minero (PAM), para garantizar la reorganizaci\u00f3n territorial y fortalecer el desarrollo productivo de las \u00e1reas mineras considerando las cuatro \u00e1reas estrat\u00e9gicas del Arco Minero del Orinoco.<\/p>\n\n\n\n<p>En ese contexto, Silva puntualiz\u00f3 que, \u201ctodos los organismos de seguridad presentes aportamos al desarrollo y a la organizaci\u00f3n del sector minero, clave para el crecimiento de las instituciones mineras. Ustedes con su experiencia y en uni\u00f3n podemos fortalecer la protecci\u00f3n para la peque\u00f1a miner\u00eda\u00bb.<\/p>\n\n\n\n<p>El ministro H\u00e9ctor Silva resalt\u00f3 que el llamado es a la organizaci\u00f3n con un plan pol\u00edtico y operacional para el beneficio del sector minero, como uno de los ejes potenciadores del crecimiento econ\u00f3mico.<\/p>\n\n\n\n<p>Con estas iniciativas, se refuerza el compromiso del Gobierno Bolivariano con el fortalecimiento de la actividad minera, en conjunto con los organismos de seguridad, manteniendo un sentido ecol\u00f3gico y trabajando en pro del bienestar social del pueblo venezolano.<\/p>\n\n\n\n<p>Con informaci\u00f3n de <strong>Prensa Miner\u00eda e Industrias B\u00e1sicas<\/strong><\/p>\n\n\n\n<p><\/p>\n","protected":false},"excerpt":{"rendered":"<p>En cumplimiento de las l\u00edneas estrat\u00e9gicas establecidas por la presidenta (E), Delcy Rodr\u00edguez, y con el objetivo de fortalecer el desarrollo social, integral y la seguridad ciudadana, el ministro del Poder Popular de Desarrollo Minero Ecol\u00f3gico e Industrias B\u00e1sicas, H\u00e9ctor Silva, encabez\u00f3 una reuni\u00f3n de trabajo con los principales organismos de seguridad en el estado [&hellip;]<\/p>\n","protected":false},"author":38,"featured_media":309190,"comment_status":"closed","ping_status":"closed","sticky":false,"template":"","format":"standard","meta":{"footnotes":""},"categories":[12],"tags":[105],"class_list":{"0":"post-309189","1":"post","2":"type-post","3":"status-publish","4":"format-standard","5":"has-post-thumbnail","7":"category-regionales","8":"tag-venezuela"},"_links":{"self":[{"href":"https:\/\/elluchador.info\/index.php?rest_route=\/wp\/v2\/posts\/309189","targetHints":{"allow":["GET"]}}],"collection":[{"href":"https:\/\/elluchador.info\/index.php?rest_route=\/wp\/v2\/posts"}],"about":[{"href":"https:\/\/elluchador.info\/index.php?rest_route=\/wp\/v2\/types\/post"}],"author":[{"embeddable":true,"href":"https:\/\/elluchador.info\/index.php?rest_route=\/wp\/v2\/users\/38"}],"replies":[{"embeddable":true,"href":"https:\/\/elluchador.info\/index.php?rest_route=%2Fwp%2Fv2%2Fcomments&post=309189"}],"version-history":[{"count":1,"href":"https:\/\/elluchador.info\/index.php?rest_route=\/wp\/v2\/posts\/309189\/revisions"}],"predecessor-version":[{"id":309191,"href":"https:\/\/elluchador.info\/index.php?rest_route=\/wp\/v2\/posts\/309189\/revisions\/309191"}],"wp:featuredmedia":[{"embeddable":true,"href":"https:\/\/elluchador.info\/index.php?rest_route=\/wp\/v2\/media\/309190"}],"wp:attachment":[{"href":"https:\/\/elluchador.info\/index.php?rest_route=%2Fwp%2Fv2%2Fmedia&parent=309189"}],"wp:term":[{"taxonomy":"category","embeddable":true,"href":"https:\/\/elluchador.info\/index.php?rest_route=%2Fwp%2Fv2%2Fcategories&post=309189"},{"taxonomy":"post_tag","embeddable":true,"href":"https:\/\/elluchador.info\/index.php?rest_route=%2Fwp%2Fv2%2Ftags&post=309189"}],"curies":[{"name":"wp","href":"https:\/\/api.w.org\/{rel}","templated":true}]}}