{"id":309208,"date":"2026-04-30T17:41:00","date_gmt":"2026-04-30T21:41:00","guid":{"rendered":"https:\/\/elluchador.info\/?p=309208"},"modified":"2026-04-30T17:29:46","modified_gmt":"2026-04-30T21:29:46","slug":"aprobado-bono-de-reconocimiento-profesional-a-sectores-estrategicos-del-pais","status":"publish","type":"post","link":"https:\/\/elluchador.info\/?p=309208","title":{"rendered":"Aprobado bono de reconocimiento profesional a sectores estrat\u00e9gicos del pa\u00eds"},"content":{"rendered":"\n<p>En el marco de la celebraci\u00f3n del D\u00eda Internacional del Trabajador, la presidenta (E) de la Rep\u00fablica, Delcy Rodr\u00edguez, anunci\u00f3 este jueves una serie de medidas econ\u00f3micas destinadas a fortalecer el poder adquisitivo de la clase obrera venezolana y reconocer la formaci\u00f3n acad\u00e9mica de los sectores estrat\u00e9gicos del pa\u00eds.<\/p>\n\n\n\n<p>\u200bDurante el cierre de la Gran Peregrinaci\u00f3n Nacional realizada en la ciudad de Caracas, la mandataria inform\u00f3 sobre la creaci\u00f3n de un nuevo Bono de Reconocimiento Profesional y Acad\u00e9mico. Esta bonificaci\u00f3n est\u00e1 dirigida espec\u00edficamente a los trabajadores de sectores estrat\u00e9gicos y tendr\u00e1 un car\u00e1cter retroactivo.<\/p>\n\n\n\n<p>\u200b\u201cQuiero anunciar un bono de reconocimiento profesional y acad\u00e9mico a sectores estrat\u00e9gicos del pa\u00eds. Estos incrementos se pagar\u00e1n a partir del d\u00eda de hoy, 30 de abril\u201d, expres\u00f3 Rodr\u00edguez ante la multitud presente.<\/p>\n\n\n\n<p>\u200bCon estas acciones, el Ejecutivo Nacional ratifica su compromiso con la estabilidad econ\u00f3mica y la valoraci\u00f3n del talento humano que impulsa los sectores productivos de la naci\u00f3n.<br>\u200b<br>Con informaci\u00f3n de <strong>agencias<\/strong><\/p>\n","protected":false},"excerpt":{"rendered":"<p>En el marco de la celebraci\u00f3n del D\u00eda Internacional del Trabajador, la presidenta (E) de la Rep\u00fablica, Delcy Rodr\u00edguez, anunci\u00f3 este jueves una serie de medidas econ\u00f3micas destinadas a fortalecer el poder adquisitivo de la clase obrera venezolana y reconocer la formaci\u00f3n acad\u00e9mica de los sectores estrat\u00e9gicos del pa\u00eds. \u200bDurante el cierre de la Gran [&hellip;]<\/p>\n","protected":false},"author":38,"featured_media":309209,"comment_status":"closed","ping_status":"closed","sticky":false,"template":"","format":"standard","meta":{"footnotes":""},"categories":[6],"tags":[105],"class_list":{"0":"post-309208","1":"post","2":"type-post","3":"status-publish","4":"format-standard","5":"has-post-thumbnail","7":"category-economia","8":"tag-venezuela"},"_links":{"self":[{"href":"https:\/\/elluchador.info\/index.php?rest_route=\/wp\/v2\/posts\/309208","targetHints":{"allow":["GET"]}}],"collection":[{"href":"https:\/\/elluchador.info\/index.php?rest_route=\/wp\/v2\/posts"}],"about":[{"href":"https:\/\/elluchador.info\/index.php?rest_route=\/wp\/v2\/types\/post"}],"author":[{"embeddable":true,"href":"https:\/\/elluchador.info\/index.php?rest_route=\/wp\/v2\/users\/38"}],"replies":[{"embeddable":true,"href":"https:\/\/elluchador.info\/index.php?rest_route=%2Fwp%2Fv2%2Fcomments&post=309208"}],"version-history":[{"count":1,"href":"https:\/\/elluchador.info\/index.php?rest_route=\/wp\/v2\/posts\/309208\/revisions"}],"predecessor-version":[{"id":309210,"href":"https:\/\/elluchador.info\/index.php?rest_route=\/wp\/v2\/posts\/309208\/revisions\/309210"}],"wp:featuredmedia":[{"embeddable":true,"href":"https:\/\/elluchador.info\/index.php?rest_route=\/wp\/v2\/media\/309209"}],"wp:attachment":[{"href":"https:\/\/elluchador.info\/index.php?rest_route=%2Fwp%2Fv2%2Fmedia&parent=309208"}],"wp:term":[{"taxonomy":"category","embeddable":true,"href":"https:\/\/elluchador.info\/index.php?rest_route=%2Fwp%2Fv2%2Fcategories&post=309208"},{"taxonomy":"post_tag","embeddable":true,"href":"https:\/\/elluchador.info\/index.php?rest_route=%2Fwp%2Fv2%2Ftags&post=309208"}],"curies":[{"name":"wp","href":"https:\/\/api.w.org\/{rel}","templated":true}]}}