{"id":309246,"date":"2026-05-01T10:54:53","date_gmt":"2026-05-01T14:54:53","guid":{"rendered":"https:\/\/elluchador.info\/?p=309246"},"modified":"2026-05-01T10:54:57","modified_gmt":"2026-05-01T14:54:57","slug":"intt-restringe-circulacion-de-carga-pesada-en-todo-el-pais","status":"publish","type":"post","link":"https:\/\/elluchador.info\/?p=309246","title":{"rendered":"INTT restringe circulaci\u00f3n de carga pesada en todo el pa\u00eds"},"content":{"rendered":"\n<p>El Instituto Nacional de Transporte Terrestre (INTT) anunci\u00f3 la restricci\u00f3n temporal de circulaci\u00f3n para veh\u00edculos de carga pesada en todo el pa\u00eds con motivo del D\u00eda del Trabajador&nbsp;2026, como parte de las&nbsp;medidas para reforzar la seguridad vial durante el asueto.<\/p>\n\n\n\n<p>De acuerdo con un&nbsp;comunicado&nbsp;oficial, la limitaci\u00f3n aplica a unidades con capacidad igual o superior a&nbsp;3.500 kilogramos.<\/p>\n\n\n\n<p>La medida entrar\u00e1 en vigencia a partir de la&nbsp;1:00&nbsp;de la madrugada del viernes&nbsp;1 de mayo&nbsp;y se mantendr\u00e1 hasta la&nbsp;1:00&nbsp;de la madrugada del lunes 4 de mayo.<\/p>\n\n\n<div class=\"wp-block-image\">\n<figure class=\"aligncenter size-large\"><img loading=\"lazy\" decoding=\"async\" width=\"761\" height=\"1024\" src=\"https:\/\/elluchador.info\/wp-content\/uploads\/2026\/05\/82450-761x1024.jpg\" alt=\"\" class=\"wp-image-309247\" srcset=\"https:\/\/elluchador.info\/wp-content\/uploads\/2026\/05\/82450-761x1024.jpg 761w, https:\/\/elluchador.info\/wp-content\/uploads\/2026\/05\/82450-223x300.jpg 223w, https:\/\/elluchador.info\/wp-content\/uploads\/2026\/05\/82450-768x1033.jpg 768w, https:\/\/elluchador.info\/wp-content\/uploads\/2026\/05\/82450-150x202.jpg 150w, https:\/\/elluchador.info\/wp-content\/uploads\/2026\/05\/82450-300x404.jpg 300w, https:\/\/elluchador.info\/wp-content\/uploads\/2026\/05\/82450-696x936.jpg 696w, https:\/\/elluchador.info\/wp-content\/uploads\/2026\/05\/82450-1068x1437.jpg 1068w, https:\/\/elluchador.info\/wp-content\/uploads\/2026\/05\/82450.jpg 1080w\" sizes=\"auto, (max-width: 761px) 100vw, 761px\" \/><\/figure>\n<\/div>\n\n\n<p>El organismo explic\u00f3 que la decisi\u00f3n responde al cumplimiento de la Resoluci\u00f3n Conjunta 083 y 022, emitida por los ministerios de Interior, Justicia y Paz, y de Transporte, y publicada en la&nbsp;Gaceta Oficial N\u00b0 42.425 de fecha 25 de julio de 2022.<\/p>\n\n\n\n<p>No obstante, el&nbsp;INTT&nbsp;precis\u00f3 que la restricci\u00f3n no aplicar\u00e1 para el traslado de productos esenciales, con el fin de garantizar el abastecimiento de bienes prioritarios durante el per\u00edodo.<\/p>\n\n\n\n<p>La instituci\u00f3n reiter\u00f3 que esta medida busca reducir riesgos en las principales v\u00edas del&nbsp;pa\u00eds&nbsp;y facilitar la movilidad de los ciudadanos durante la jornada conmemorativa.<\/p>\n\n\n\n<p>Con informaci\u00f3n <strong>Sumarium<\/strong><\/p>\n","protected":false},"excerpt":{"rendered":"<p>El Instituto Nacional de Transporte Terrestre (INTT) anunci\u00f3 la restricci\u00f3n temporal de circulaci\u00f3n para veh\u00edculos de carga pesada en todo el pa\u00eds con motivo del D\u00eda del Trabajador&nbsp;2026, como parte de las&nbsp;medidas para reforzar la seguridad vial durante el asueto. De acuerdo con un&nbsp;comunicado&nbsp;oficial, la limitaci\u00f3n aplica a unidades con capacidad igual o superior a&nbsp;3.500 [&hellip;]<\/p>\n","protected":false},"author":33,"featured_media":309248,"comment_status":"closed","ping_status":"closed","sticky":false,"template":"","format":"standard","meta":{"footnotes":""},"categories":[5,9],"tags":[662,105],"class_list":{"0":"post-309246","1":"post","2":"type-post","3":"status-publish","4":"format-standard","5":"has-post-thumbnail","7":"category-destacado","8":"category-nacionales","9":"tag-intt","10":"tag-venezuela"},"_links":{"self":[{"href":"https:\/\/elluchador.info\/index.php?rest_route=\/wp\/v2\/posts\/309246","targetHints":{"allow":["GET"]}}],"collection":[{"href":"https:\/\/elluchador.info\/index.php?rest_route=\/wp\/v2\/posts"}],"about":[{"href":"https:\/\/elluchador.info\/index.php?rest_route=\/wp\/v2\/types\/post"}],"author":[{"embeddable":true,"href":"https:\/\/elluchador.info\/index.php?rest_route=\/wp\/v2\/users\/33"}],"replies":[{"embeddable":true,"href":"https:\/\/elluchador.info\/index.php?rest_route=%2Fwp%2Fv2%2Fcomments&post=309246"}],"version-history":[{"count":1,"href":"https:\/\/elluchador.info\/index.php?rest_route=\/wp\/v2\/posts\/309246\/revisions"}],"predecessor-version":[{"id":309249,"href":"https:\/\/elluchador.info\/index.php?rest_route=\/wp\/v2\/posts\/309246\/revisions\/309249"}],"wp:featuredmedia":[{"embeddable":true,"href":"https:\/\/elluchador.info\/index.php?rest_route=\/wp\/v2\/media\/309248"}],"wp:attachment":[{"href":"https:\/\/elluchador.info\/index.php?rest_route=%2Fwp%2Fv2%2Fmedia&parent=309246"}],"wp:term":[{"taxonomy":"category","embeddable":true,"href":"https:\/\/elluchador.info\/index.php?rest_route=%2Fwp%2Fv2%2Fcategories&post=309246"},{"taxonomy":"post_tag","embeddable":true,"href":"https:\/\/elluchador.info\/index.php?rest_route=%2Fwp%2Fv2%2Ftags&post=309246"}],"curies":[{"name":"wp","href":"https:\/\/api.w.org\/{rel}","templated":true}]}}