{"id":309276,"date":"2026-05-01T16:33:00","date_gmt":"2026-05-01T20:33:00","guid":{"rendered":"https:\/\/elluchador.info\/?p=309276"},"modified":"2026-05-01T16:25:20","modified_gmt":"2026-05-01T20:25:20","slug":"defensora-del-pueblo-ofrece-mediacion-tras-protestas-por-salarios-dignos","status":"publish","type":"post","link":"https:\/\/elluchador.info\/?p=309276","title":{"rendered":"Defensora del Pueblo ofrece mediaci\u00f3n tras protestas por salarios dignos"},"content":{"rendered":"\n<p>En el marco de las movilizaciones por el D\u00eda Internacional del Trabajador, la defensora del Pueblo, Egl\u00e9e Gonz\u00e1lez Lobato, recibi\u00f3 este viernes a una comisi\u00f3n de representantes sindicales, jubilados y pensionados para atender sus reclamos sobre mejoras salariales y condiciones de vida.<\/p>\n\n\n\n<p>\u200bLa reuni\u00f3n, celebrada en la sede principal del \u00f3rgano defensorial, cont\u00f3 adem\u00e1s con la participaci\u00f3n del diputado Bruno Gallo, quien acompa\u00f1\u00f3 a la delegaci\u00f3n de trabajadores en su interlocuci\u00f3n con la m\u00e1xima autoridad de la instituci\u00f3n.<\/p>\n\n\n\n<p>\u200bDurante el encuentro, Gonz\u00e1lez Lobato calific\u00f3 la jornada como un ejercicio ciudadano ejemplar. La funcionaria destac\u00f3:<br>\u200bEl car\u00e1cter pac\u00edfico de la movilizaci\u00f3n en la capital.<br>\u200bLa capacidad organizativa de los sectores laborales para canalizar sus exigencias.<br>\u200bLa vigencia de la protesta como un derecho fundamental para la expresi\u00f3n de las demandas sociales.<\/p>\n\n\n\n<p>\u200b\u00bbValoramos la disposici\u00f3n de los trabajadores de acudir a las instituciones para buscar respuestas.<\/p>\n\n\n\n<p>La Defensor\u00eda tiene el firme compromiso de servir como puente con el Ejecutivo nacional para garantizar que sus voces sean escuchadas\u00bb, afirm\u00f3 Gonz\u00e1lez Lobato.<\/p>\n\n\n\n<p>\u200bCon informaci\u00f3n de <strong>agencias<\/strong><\/p>\n\n\n\n<p><\/p>\n","protected":false},"excerpt":{"rendered":"<p>En el marco de las movilizaciones por el D\u00eda Internacional del Trabajador, la defensora del Pueblo, Egl\u00e9e Gonz\u00e1lez Lobato, recibi\u00f3 este viernes a una comisi\u00f3n de representantes sindicales, jubilados y pensionados para atender sus reclamos sobre mejoras salariales y condiciones de vida. \u200bLa reuni\u00f3n, celebrada en la sede principal del \u00f3rgano defensorial, cont\u00f3 adem\u00e1s con [&hellip;]<\/p>\n","protected":false},"author":38,"featured_media":309277,"comment_status":"closed","ping_status":"closed","sticky":false,"template":"","format":"standard","meta":{"footnotes":""},"categories":[11],"tags":[105],"class_list":{"0":"post-309276","1":"post","2":"type-post","3":"status-publish","4":"format-standard","5":"has-post-thumbnail","7":"category-politica","8":"tag-venezuela"},"_links":{"self":[{"href":"https:\/\/elluchador.info\/index.php?rest_route=\/wp\/v2\/posts\/309276","targetHints":{"allow":["GET"]}}],"collection":[{"href":"https:\/\/elluchador.info\/index.php?rest_route=\/wp\/v2\/posts"}],"about":[{"href":"https:\/\/elluchador.info\/index.php?rest_route=\/wp\/v2\/types\/post"}],"author":[{"embeddable":true,"href":"https:\/\/elluchador.info\/index.php?rest_route=\/wp\/v2\/users\/38"}],"replies":[{"embeddable":true,"href":"https:\/\/elluchador.info\/index.php?rest_route=%2Fwp%2Fv2%2Fcomments&post=309276"}],"version-history":[{"count":1,"href":"https:\/\/elluchador.info\/index.php?rest_route=\/wp\/v2\/posts\/309276\/revisions"}],"predecessor-version":[{"id":309278,"href":"https:\/\/elluchador.info\/index.php?rest_route=\/wp\/v2\/posts\/309276\/revisions\/309278"}],"wp:featuredmedia":[{"embeddable":true,"href":"https:\/\/elluchador.info\/index.php?rest_route=\/wp\/v2\/media\/309277"}],"wp:attachment":[{"href":"https:\/\/elluchador.info\/index.php?rest_route=%2Fwp%2Fv2%2Fmedia&parent=309276"}],"wp:term":[{"taxonomy":"category","embeddable":true,"href":"https:\/\/elluchador.info\/index.php?rest_route=%2Fwp%2Fv2%2Fcategories&post=309276"},{"taxonomy":"post_tag","embeddable":true,"href":"https:\/\/elluchador.info\/index.php?rest_route=%2Fwp%2Fv2%2Ftags&post=309276"}],"curies":[{"name":"wp","href":"https:\/\/api.w.org\/{rel}","templated":true}]}}