{"id":309279,"date":"2026-05-01T16:41:00","date_gmt":"2026-05-01T20:41:00","guid":{"rendered":"https:\/\/elluchador.info\/?p=309279"},"modified":"2026-05-01T16:27:12","modified_gmt":"2026-05-01T20:27:12","slug":"historico-acuerdo-comercial-ue-mercosur-entro-en-vigencia-provisional-este-1mayo","status":"publish","type":"post","link":"https:\/\/elluchador.info\/?p=309279","title":{"rendered":"Hist\u00f3rico acuerdo comercial UE-Mercosur entr\u00f3 en vigencia provisional este 1Mayo"},"content":{"rendered":"\n<p>En un movimiento que redefine el tablero comercial global, el acuerdo comercial entre la Uni\u00f3n Europea (UE) y Mercosur ha entrado en vigencia de manera provisional este viernes 1 de mayo. Este hito ocurre tras m\u00e1s de 25 a\u00f1os de complejas negociaciones, consolidando una de las mayores \u00e1reas de libre comercio del planeta que abarca a m\u00e1s de 700 millones de consumidores y representa el 30% del PIB mundial.<\/p>\n\n\n\n<p>\u200bLa aplicaci\u00f3n provisional del pacto elimina aranceles en m\u00e1s del 90% del comercio bilateral. Seg\u00fan la Comisi\u00f3n Europea, los efectos son inmediatos para sectores estrat\u00e9gicos. Desde hoy, las exportaciones europeas de veh\u00edculos, productos farmac\u00e9uticos y vinos hacia Argentina, Brasil, Paraguay y Uruguay experimentar\u00e1n reducciones arancelarias dr\u00e1sticas o eliminaciones totales.<\/p>\n\n\n\n<p>\u200b\u00abLas ventajas son reales y ya perceptibles. Los aranceles comienzan a bajar. Las empresas acceden a nuevos mercados y los inversores se benefician de la previsibilidad que necesitan\u00bb, afirm\u00f3 Ursula von der Leyen, presidenta de la Comisi\u00f3n Europea.<\/p>\n\n\n\n<p>\u200bPor su parte, el presidente brasile\u00f1o, Luiz In\u00e1cio Lula da Silva, destac\u00f3 el valor geopol\u00edtico del pacto: \u00abEn un momento de proteccionismo, reforzamos el multilateralismo\u00bb.<br>\u200b<br>\u200bEl acuerdo establece un flujo bidireccional de bienes que busca dinamizar ambas econom\u00edas:<br>\u200bExportaciones de la UE: Autom\u00f3viles, maquinaria, productos qu\u00edmicos, vino y quesos.<br>\u200bExportaciones de Mercosur: Carne de vacuno, aves de corral, az\u00facar, arroz, miel y soja.<\/p>\n\n\n\n<p><strong>\u200bDivisi\u00f3n en Europa y desaf\u00edo judicial<\/strong><br>\u200bA pesar del optimismo de Bruselas, el acuerdo nace en un clima de fuerte polarizaci\u00f3n. Francia ha liderado la oposici\u00f3n, citando preocupaciones sobre la competencia desleal y el impacto negativo en sus agricultores.<\/p>\n\n\n\n<p>\u200bLa eurodiputada Manon Aubry calific\u00f3 la jornada como un \u00abd\u00eda muy sombr\u00edo\u00bb, alertando sobre la entrada de productos con normas sanitarias y medioambientales que considera de \u00absegunda categor\u00eda\u00bb.<\/p>\n\n\n\n<p>\u200bAdem\u00e1s, la legalidad del tratado sigue bajo escrutinio. El Parlamento Europeo remiti\u00f3 el texto al m\u00e1ximo tribunal de la UE en enero, y el fallo judicial a\u00fan est\u00e1 pendiente. No obstante, el respaldo de potencias como Alemania y Espa\u00f1a ha permitido que Bruselas siga adelante, priorizando la diversificaci\u00f3n comercial frente a la creciente hegemon\u00eda de Estados Unidos y China.<\/p>\n\n\n\n<p>Con informaci\u00f3n de <strong>agencias<\/strong><\/p>\n\n\n\n<p><\/p>\n","protected":false},"excerpt":{"rendered":"<p>En un movimiento que redefine el tablero comercial global, el acuerdo comercial entre la Uni\u00f3n Europea (UE) y Mercosur ha entrado en vigencia de manera provisional este viernes 1 de mayo. Este hito ocurre tras m\u00e1s de 25 a\u00f1os de complejas negociaciones, consolidando una de las mayores \u00e1reas de libre comercio del planeta que abarca [&hellip;]<\/p>\n","protected":false},"author":38,"featured_media":309280,"comment_status":"closed","ping_status":"closed","sticky":false,"template":"","format":"standard","meta":{"footnotes":""},"categories":[6],"tags":[448],"class_list":{"0":"post-309279","1":"post","2":"type-post","3":"status-publish","4":"format-standard","5":"has-post-thumbnail","7":"category-economia","8":"tag-mundo"},"_links":{"self":[{"href":"https:\/\/elluchador.info\/index.php?rest_route=\/wp\/v2\/posts\/309279","targetHints":{"allow":["GET"]}}],"collection":[{"href":"https:\/\/elluchador.info\/index.php?rest_route=\/wp\/v2\/posts"}],"about":[{"href":"https:\/\/elluchador.info\/index.php?rest_route=\/wp\/v2\/types\/post"}],"author":[{"embeddable":true,"href":"https:\/\/elluchador.info\/index.php?rest_route=\/wp\/v2\/users\/38"}],"replies":[{"embeddable":true,"href":"https:\/\/elluchador.info\/index.php?rest_route=%2Fwp%2Fv2%2Fcomments&post=309279"}],"version-history":[{"count":1,"href":"https:\/\/elluchador.info\/index.php?rest_route=\/wp\/v2\/posts\/309279\/revisions"}],"predecessor-version":[{"id":309281,"href":"https:\/\/elluchador.info\/index.php?rest_route=\/wp\/v2\/posts\/309279\/revisions\/309281"}],"wp:featuredmedia":[{"embeddable":true,"href":"https:\/\/elluchador.info\/index.php?rest_route=\/wp\/v2\/media\/309280"}],"wp:attachment":[{"href":"https:\/\/elluchador.info\/index.php?rest_route=%2Fwp%2Fv2%2Fmedia&parent=309279"}],"wp:term":[{"taxonomy":"category","embeddable":true,"href":"https:\/\/elluchador.info\/index.php?rest_route=%2Fwp%2Fv2%2Fcategories&post=309279"},{"taxonomy":"post_tag","embeddable":true,"href":"https:\/\/elluchador.info\/index.php?rest_route=%2Fwp%2Fv2%2Ftags&post=309279"}],"curies":[{"name":"wp","href":"https:\/\/api.w.org\/{rel}","templated":true}]}}