{"id":309296,"date":"2026-05-01T19:07:00","date_gmt":"2026-05-01T23:07:00","guid":{"rendered":"https:\/\/elluchador.info\/?p=309296"},"modified":"2026-05-01T18:58:28","modified_gmt":"2026-05-01T22:58:28","slug":"congreso-de-brasil-aprueba-reduccion-de-la-pena-de-bolsonaro","status":"publish","type":"post","link":"https:\/\/elluchador.info\/?p=309296","title":{"rendered":"Congreso de Brasil aprueba reducci\u00f3n de la pena de Bolsonaro"},"content":{"rendered":"\n<p>En una jornada marcada por la polarizaci\u00f3n pol\u00edtica, el Congreso de Brasil aprob\u00f3 este jueves el proyecto de ley que reduce las penas por golpismo, anulando formalmente el veto que el actual mandatario, Luiz In\u00e1cio Lula da Silva, hab\u00eda impuesto a la medida.<\/p>\n\n\n\n<p>\u200bLa decisi\u00f3n representa un giro significativo en el estatus legal del expresidente Jair Bolsonaro y del resto de los sentenciados por los sucesos del 8 de enero de 2023.<\/p>\n\n\n\n<p>\u200bEl Legislativo brasile\u00f1o logr\u00f3 una mayor\u00eda contundente para revertir la postura de la Presidencia:<br>\u200bC\u00e1mara de Diputados: 318 votos a favor de anular el veto y 144 en contra.<br>\u200bSenado: 49 votos a favor y 24 en contra.<\/p>\n\n\n\n<p>\u200bCon este resultado, el texto legislativo queda ratificado y ser\u00e1 enviado a la Presidencia para su promulgaci\u00f3n. En caso de que el presidente Lula no firme el decreto en un plazo de 48 horas, la tarea recaer\u00e1 sobre el Congreso para garantizar su entrada en vigor.<br>\u200b<br>\u200bEl n\u00facleo del texto aprobado proh\u00edbe la combinaci\u00f3n de delitos, lo que obliga a que los sentenciados cumplan \u00fanicamente la pena correspondiente al delito m\u00e1s grave cometido.<\/p>\n\n\n\n<p>\u200bPara el expresidente Jair Bolsonaro, de 71 a\u00f1os, esto supone un alivio sustancial. Condenado por el Supremo Tribunal Federal (STF) a 27 a\u00f1os y tres meses de c\u00e1rcel, las proyecciones legales sugieren que su estatus jur\u00eddico podr\u00eda cambiar en un plazo de dos a cuatro a\u00f1os gracias a esta nueva normativa.<\/p>\n\n\n\n<p>\u200bEl proyecto de ley fue impulsado originalmente por la oposici\u00f3n y completado por el Senado en diciembre de 2025. Sin embargo, el presidente Lula lo vet\u00f3 en su totalidad a principios de este a\u00f1o, argumentando que los juicios se realizaron con \u00abtransparencia e imparcialidad\u00bb y bajo \u00abpruebas robustas\u00bb.<\/p>\n\n\n\n<p>\u200bBolsonaro, quien comenz\u00f3 a cumplir su condena el pasado noviembre, se encuentra actualmente bajo prisi\u00f3n domiciliaria por un periodo de 90 d\u00edas, debido a una bronconeumon\u00eda de la cual se est\u00e1 recuperando tras una disposici\u00f3n del STF.<br>\u200b<br>Con informaci\u00f3n de <strong>agencias<\/strong><\/p>\n","protected":false},"excerpt":{"rendered":"<p>En una jornada marcada por la polarizaci\u00f3n pol\u00edtica, el Congreso de Brasil aprob\u00f3 este jueves el proyecto de ley que reduce las penas por golpismo, anulando formalmente el veto que el actual mandatario, Luiz In\u00e1cio Lula da Silva, hab\u00eda impuesto a la medida. \u200bLa decisi\u00f3n representa un giro significativo en el estatus legal del expresidente [&hellip;]<\/p>\n","protected":false},"author":38,"featured_media":309297,"comment_status":"closed","ping_status":"closed","sticky":false,"template":"","format":"standard","meta":{"footnotes":""},"categories":[11],"tags":[448],"class_list":{"0":"post-309296","1":"post","2":"type-post","3":"status-publish","4":"format-standard","5":"has-post-thumbnail","7":"category-politica","8":"tag-mundo"},"_links":{"self":[{"href":"https:\/\/elluchador.info\/index.php?rest_route=\/wp\/v2\/posts\/309296","targetHints":{"allow":["GET"]}}],"collection":[{"href":"https:\/\/elluchador.info\/index.php?rest_route=\/wp\/v2\/posts"}],"about":[{"href":"https:\/\/elluchador.info\/index.php?rest_route=\/wp\/v2\/types\/post"}],"author":[{"embeddable":true,"href":"https:\/\/elluchador.info\/index.php?rest_route=\/wp\/v2\/users\/38"}],"replies":[{"embeddable":true,"href":"https:\/\/elluchador.info\/index.php?rest_route=%2Fwp%2Fv2%2Fcomments&post=309296"}],"version-history":[{"count":1,"href":"https:\/\/elluchador.info\/index.php?rest_route=\/wp\/v2\/posts\/309296\/revisions"}],"predecessor-version":[{"id":309298,"href":"https:\/\/elluchador.info\/index.php?rest_route=\/wp\/v2\/posts\/309296\/revisions\/309298"}],"wp:featuredmedia":[{"embeddable":true,"href":"https:\/\/elluchador.info\/index.php?rest_route=\/wp\/v2\/media\/309297"}],"wp:attachment":[{"href":"https:\/\/elluchador.info\/index.php?rest_route=%2Fwp%2Fv2%2Fmedia&parent=309296"}],"wp:term":[{"taxonomy":"category","embeddable":true,"href":"https:\/\/elluchador.info\/index.php?rest_route=%2Fwp%2Fv2%2Fcategories&post=309296"},{"taxonomy":"post_tag","embeddable":true,"href":"https:\/\/elluchador.info\/index.php?rest_route=%2Fwp%2Fv2%2Ftags&post=309296"}],"curies":[{"name":"wp","href":"https:\/\/api.w.org\/{rel}","templated":true}]}}