{"id":309314,"date":"2026-05-01T19:50:00","date_gmt":"2026-05-01T23:50:00","guid":{"rendered":"https:\/\/elluchador.info\/?p=309314"},"modified":"2026-05-01T19:48:07","modified_gmt":"2026-05-01T23:48:07","slug":"trabajadores-protestaron-en-caracas-y-otras-ciudades-en-rechazo-al-aumento-del-ingreso-integral","status":"publish","type":"post","link":"https:\/\/elluchador.info\/?p=309314","title":{"rendered":"Trabajadores protestaron en Caracas y otras ciudades en rechazo al aumento del ingreso integral"},"content":{"rendered":"\n<p>M\u00e1s de un millar de trabajadores, sindicalistas y pensionistas se movilizaron este viernes 1\u00ba de mayo en el centro de Caracas para expresar su rechazo al reciente ajuste econ\u00f3mico anunciado por el Ejecutivo. Bajo la consigna \u00abbono no es salario\u00bb, los manifestantes denunciaron que el incremento del \u00abingreso m\u00ednimo integral\u00bb no resuelve la precariedad laboral ni protege las prestaciones sociales de la clase obrera.<\/p>\n\n\n\n<p>\u200bLa jornada de protesta surge como respuesta directa al anuncio realizado el jueves por la presidenta interina, Delcy Rodr\u00edguez, quien inform\u00f3 un alza del 26% en el ingreso m\u00ednimo integral, situ\u00e1ndolo en 240 d\u00f3lares mensuales.<\/p>\n\n\n\n<p>\u200bA pesar de que el Gobierno calific\u00f3 el ajuste como el \u00abm\u00e1s importante en los \u00faltimos a\u00f1os\u00bb, la medida ha generado indignaci\u00f3n por su estructura:<br>\u200bSin impacto en beneficios: El ingreso consiste en un esquema de bonos que no computa para el c\u00e1lculo de vacaciones, prestaciones, aguinaldos ni pensiones por jubilaci\u00f3n.<\/p>\n\n\n\n<p>\u200bSalario base congelado: El salario m\u00ednimo legal permanece estancado desde 2022 en una cifra que no alcanza los 30 centavos de d\u00f3lar, la m\u00e1s baja de la regi\u00f3n.<\/p>\n\n\n\n<p>\u200bPensiones insuficientes: Aunque se anunci\u00f3 un aumento de las pensiones a 70 d\u00f3lares, la cifra sigue siendo marginal frente al costo de la vida.<\/p>\n\n\n\n<p>\u200b\u00abEs una burla, es un enga\u00f1o. Hoy los trabajadores de Venezuela no sabemos cu\u00e1l es el salario m\u00ednimo\u00bb, declar\u00f3 Franklin Vel\u00e1squez, l\u00edder sindical de 61 a\u00f1os, durante la marcha de cuatro kil\u00f3metros por el centro capitalino, la cual fue custodiada por agentes policiales antimot\u00edn sin que se registraran incidentes violentos.<\/p>\n\n\n\n<p>\u200bPor su parte, la docente Juraina Palacios (55 a\u00f1os) lament\u00f3 la falta de sensibilidad oficial: \u00abCre\u00eda que iba a existir la humanidad, pero lo que se hizo ayer fue un atropello\u00bb.<\/p>\n\n\n\n<p><strong>\u200bContexto de crisis y brecha econ\u00f3mica<\/strong><br>\u200bLa protesta pone de relieve la enorme brecha entre los ingresos y el costo real de la vida. Seg\u00fan indicadores actuales, la canasta alimentaria b\u00e1sica para una familia de cinco personas ronda los 700 d\u00f3lares, dejando el nuevo ingreso de 240 d\u00f3lares muy por debajo del umbral de seguridad alimentaria.<\/p>\n\n\n\n<p>\u200bEste descontento se agrava en un contexto econ\u00f3mico asfixiante. En 2025, Venezuela registr\u00f3 una inflaci\u00f3n del 475%, la cifra m\u00e1s alta a nivel global, lo que pulveriza cualquier ajuste que no est\u00e9 anclado a una estructura salarial s\u00f3lida.<br>\u200b<br>\u200bLas movilizaciones no se limitaron a la capital. Ciudades como San Crist\u00f3bal y Barinas reportaron concentraciones similares. \u00abEl trabajador no puede seguir llevando sobre su espalda una crisis que no caus\u00f3\u00bb, sentenci\u00f3 el sindicalista Jos\u00e9 Patines desde el estado Barinas.<\/p>\n\n\n\n<p>\u200bMientras el Gobierno intenta atraer inversi\u00f3n extranjera mediante reformas a las leyes petroleras y mineras, la fuerza laboral venezolana exige que la recuperaci\u00f3n econ\u00f3mica no se construya sobre la base de la bonificaci\u00f3n del trabajo y la eliminaci\u00f3n de los derechos sociales.<br>\u200b<br>Con informaci\u00f3n de <strong>agencias<\/strong><\/p>\n","protected":false},"excerpt":{"rendered":"<p>M\u00e1s de un millar de trabajadores, sindicalistas y pensionistas se movilizaron este viernes 1\u00ba de mayo en el centro de Caracas para expresar su rechazo al reciente ajuste econ\u00f3mico anunciado por el Ejecutivo. Bajo la consigna \u00abbono no es salario\u00bb, los manifestantes denunciaron que el incremento del \u00abingreso m\u00ednimo integral\u00bb no resuelve la precariedad laboral [&hellip;]<\/p>\n","protected":false},"author":38,"featured_media":309315,"comment_status":"closed","ping_status":"closed","sticky":false,"template":"","format":"standard","meta":{"footnotes":""},"categories":[9],"tags":[105],"class_list":{"0":"post-309314","1":"post","2":"type-post","3":"status-publish","4":"format-standard","5":"has-post-thumbnail","7":"category-nacionales","8":"tag-venezuela"},"_links":{"self":[{"href":"https:\/\/elluchador.info\/index.php?rest_route=\/wp\/v2\/posts\/309314","targetHints":{"allow":["GET"]}}],"collection":[{"href":"https:\/\/elluchador.info\/index.php?rest_route=\/wp\/v2\/posts"}],"about":[{"href":"https:\/\/elluchador.info\/index.php?rest_route=\/wp\/v2\/types\/post"}],"author":[{"embeddable":true,"href":"https:\/\/elluchador.info\/index.php?rest_route=\/wp\/v2\/users\/38"}],"replies":[{"embeddable":true,"href":"https:\/\/elluchador.info\/index.php?rest_route=%2Fwp%2Fv2%2Fcomments&post=309314"}],"version-history":[{"count":1,"href":"https:\/\/elluchador.info\/index.php?rest_route=\/wp\/v2\/posts\/309314\/revisions"}],"predecessor-version":[{"id":309316,"href":"https:\/\/elluchador.info\/index.php?rest_route=\/wp\/v2\/posts\/309314\/revisions\/309316"}],"wp:featuredmedia":[{"embeddable":true,"href":"https:\/\/elluchador.info\/index.php?rest_route=\/wp\/v2\/media\/309315"}],"wp:attachment":[{"href":"https:\/\/elluchador.info\/index.php?rest_route=%2Fwp%2Fv2%2Fmedia&parent=309314"}],"wp:term":[{"taxonomy":"category","embeddable":true,"href":"https:\/\/elluchador.info\/index.php?rest_route=%2Fwp%2Fv2%2Fcategories&post=309314"},{"taxonomy":"post_tag","embeddable":true,"href":"https:\/\/elluchador.info\/index.php?rest_route=%2Fwp%2Fv2%2Ftags&post=309314"}],"curies":[{"name":"wp","href":"https:\/\/api.w.org\/{rel}","templated":true}]}}