{"id":309396,"date":"2026-05-03T08:05:00","date_gmt":"2026-05-03T12:05:00","guid":{"rendered":"https:\/\/elluchador.info\/?p=309396"},"modified":"2026-05-03T07:53:27","modified_gmt":"2026-05-03T11:53:27","slug":"despliegan-brigadas-de-atencion-integral-para-adultos-mayores-en-todo-el-pais","status":"publish","type":"post","link":"https:\/\/elluchador.info\/?p=309396","title":{"rendered":"Despliegan Brigadas de Atenci\u00f3n Integral para adultos mayores en todo el pa\u00eds"},"content":{"rendered":"\n<p>Cumpliendo con las instrucciones de la presidenta encargada, Delcy Rodr\u00edguez, este fin de semana se dio inicio formal al despliegue de las Brigadas de Atenci\u00f3n Integral de Abuelos y Abuelas. Esta nueva estrategia de protecci\u00f3n social busca territorializar la asistencia y garantizar un acompa\u00f1amiento directo a la poblaci\u00f3n adulta mayor en cada comunidad del pa\u00eds.<\/p>\n\n\n\n<p>\u200bEl vicepresidente sectorial para el Socialismo Social y Territorial, H\u00e9ctor Rodr\u00edguez, detall\u00f3 que la ruta de trabajo comenz\u00f3 este s\u00e1bado con intensas reuniones de planificaci\u00f3n estatal, dando paso este domingo a la activaci\u00f3n del trabajo comunitario de campo.<\/p>\n\n\n\n<p>\u200bEl objetivo central de este despliegue es la identificaci\u00f3n punto por punto de los adultos mayores que se encuentran en condiciones de extrema fragilidad. Las brigadas tienen la misi\u00f3n de priorizar a aquellos ciudadanos en situaci\u00f3n de abandono o precariedad habitacional y de salud.<\/p>\n\n\n\n<p>\u200b\u00bbLa meta es cuidarlos y acompa\u00f1arlos. Nuestra poblaci\u00f3n mayor requiere de un trato diferenciado tras los a\u00f1os de resistencia econ\u00f3mica que ha librado el pa\u00eds\u00bb, afirm\u00f3 el vicepresidente sectorial, H\u00e9ctor Rodr\u00edguez.<\/p>\n\n\n\n<p>\u200bEste despliegue operativo surge de manera complementaria al reciente anuncio de la mandataria nacional sobre el ajuste de la pensi\u00f3n a 70 d\u00f3lares mensuales. Durante el lanzamiento, la Presidenta Encargada reconoci\u00f3 con honestidad que, si bien es un avance, dicho monto a\u00fan \u00abno es suficiente\u00bb.<\/p>\n\n\n\n<p>\u200bEn este sentido, la orden presidencial es clara: la atenci\u00f3n no debe limitarse al ingreso monetario. Las brigadas han recibido la instrucci\u00f3n de \u00abir a buscar\u00bb a quienes han sido desasistidos, enfoc\u00e1ndose en tres ejes fundamentales:<br>\u200bAcompa\u00f1amiento humano: Combatir la soledad y el aislamiento.<br>\u200bSeguridad alimentaria: Garantizar el acceso a nutrici\u00f3n adecuada.<br>\u200bSalud especializada: Brindar atenci\u00f3n m\u00e9dica t\u00e9cnica en el sitio.<\/p>\n\n\n\n<p>\u200bA diferencia de jornadas temporales, el Gobierno Nacional ha dispuesto que los equipos t\u00e9cnicos mantengan una presencia permanente en las comunidades. El compromiso es transformar este despliegue en un sistema de protecci\u00f3n continua, asegurando que la ayuda llegue de forma regular y eficiente a quienes dedicaron su vida al servicio de la naci\u00f3n.<\/p>\n\n\n\n<p>Con informaci\u00f3n de <strong>agencias<\/strong><\/p>\n","protected":false},"excerpt":{"rendered":"<p>Cumpliendo con las instrucciones de la presidenta encargada, Delcy Rodr\u00edguez, este fin de semana se dio inicio formal al despliegue de las Brigadas de Atenci\u00f3n Integral de Abuelos y Abuelas. Esta nueva estrategia de protecci\u00f3n social busca territorializar la asistencia y garantizar un acompa\u00f1amiento directo a la poblaci\u00f3n adulta mayor en cada comunidad del pa\u00eds. [&hellip;]<\/p>\n","protected":false},"author":38,"featured_media":309397,"comment_status":"closed","ping_status":"closed","sticky":false,"template":"","format":"standard","meta":{"footnotes":""},"categories":[9],"tags":[105],"class_list":{"0":"post-309396","1":"post","2":"type-post","3":"status-publish","4":"format-standard","5":"has-post-thumbnail","7":"category-nacionales","8":"tag-venezuela"},"_links":{"self":[{"href":"https:\/\/elluchador.info\/index.php?rest_route=\/wp\/v2\/posts\/309396","targetHints":{"allow":["GET"]}}],"collection":[{"href":"https:\/\/elluchador.info\/index.php?rest_route=\/wp\/v2\/posts"}],"about":[{"href":"https:\/\/elluchador.info\/index.php?rest_route=\/wp\/v2\/types\/post"}],"author":[{"embeddable":true,"href":"https:\/\/elluchador.info\/index.php?rest_route=\/wp\/v2\/users\/38"}],"replies":[{"embeddable":true,"href":"https:\/\/elluchador.info\/index.php?rest_route=%2Fwp%2Fv2%2Fcomments&post=309396"}],"version-history":[{"count":1,"href":"https:\/\/elluchador.info\/index.php?rest_route=\/wp\/v2\/posts\/309396\/revisions"}],"predecessor-version":[{"id":309398,"href":"https:\/\/elluchador.info\/index.php?rest_route=\/wp\/v2\/posts\/309396\/revisions\/309398"}],"wp:featuredmedia":[{"embeddable":true,"href":"https:\/\/elluchador.info\/index.php?rest_route=\/wp\/v2\/media\/309397"}],"wp:attachment":[{"href":"https:\/\/elluchador.info\/index.php?rest_route=%2Fwp%2Fv2%2Fmedia&parent=309396"}],"wp:term":[{"taxonomy":"category","embeddable":true,"href":"https:\/\/elluchador.info\/index.php?rest_route=%2Fwp%2Fv2%2Fcategories&post=309396"},{"taxonomy":"post_tag","embeddable":true,"href":"https:\/\/elluchador.info\/index.php?rest_route=%2Fwp%2Fv2%2Ftags&post=309396"}],"curies":[{"name":"wp","href":"https:\/\/api.w.org\/{rel}","templated":true}]}}