{"id":309430,"date":"2026-05-03T11:00:00","date_gmt":"2026-05-03T15:00:00","guid":{"rendered":"https:\/\/elluchador.info\/?p=309430"},"modified":"2026-05-03T10:49:05","modified_gmt":"2026-05-03T14:49:05","slug":"rubio-visitara-el-vaticano-tras-el-choque-entre-trump-y-el-papa-leon-xiv","status":"publish","type":"post","link":"https:\/\/elluchador.info\/?p=309430","title":{"rendered":"Rubio visitar\u00e1 el Vaticano tras el choque entre Trump y el Papa Le\u00f3n XIV"},"content":{"rendered":"\n<p>El Departamento de Estado de los Estados Unidos ha anunciado que el Secretario de Estado, Marco Rubio, viajar\u00e1 esta semana a Italia y a la Ciudad del Vaticano, para encabezar una serie de encuentros bilaterales de alto nivel destinados a fortalecer la cooperaci\u00f3n en materia de seguridad y diplomacia internacional.<\/p>\n\n\n\n<p>\u200bDurante su estancia en la Ciudad del Vaticano, el Secretario Rubio mantendr\u00e1 una reuni\u00f3n de trabajo con su hom\u00f3logo de la Santa Sede, el Cardenal Pietro Parolin, Secretario de Estado de Su Santidad.<\/p>\n\n\n\n<p>\u200bPosteriormente, en la capital italiana, Rubio se reunir\u00e1 con el Vicepresidente del Consejo de Ministros y Ministro de Asuntos Exteriores de Italia, Antonio Tajani. La agenda oficial tambi\u00e9n incluye un encuentro estrat\u00e9gico con el Ministro de Defensa italiano, Guido Crosetto, para abordar la colaboraci\u00f3n en el marco de la OTAN y la estabilidad regional.<br>\u200b<br>\u200bEsta visita oficial se produce en un momento de notable complejidad diplom\u00e1tica, semanas despu\u00e9s del intercambio dial\u00e9ctico entre el Presidente Donald Trump y el Papa Le\u00f3n XIV, derivado de las recientes acciones de Washington en el conflicto con Ir\u00e1n.<\/p>\n\n\n\n<p>\u200bA pesar de la proximidad geogr\u00e1fica y los lazos hist\u00f3ricos entre ambas administraciones, el Departamento de Estado ha confirmado que no existe una audiencia programada entre el Secretario Rubio y el Papa Le\u00f3n XIV durante esta gira. <br>\u200b<br>Con informaci\u00f3n de <strong>agencias<\/strong><\/p>\n\n\n\n<p><\/p>\n","protected":false},"excerpt":{"rendered":"<p>El Departamento de Estado de los Estados Unidos ha anunciado que el Secretario de Estado, Marco Rubio, viajar\u00e1 esta semana a Italia y a la Ciudad del Vaticano, para encabezar una serie de encuentros bilaterales de alto nivel destinados a fortalecer la cooperaci\u00f3n en materia de seguridad y diplomacia internacional. \u200bDurante su estancia en la [&hellip;]<\/p>\n","protected":false},"author":38,"featured_media":309431,"comment_status":"closed","ping_status":"closed","sticky":false,"template":"","format":"standard","meta":{"footnotes":""},"categories":[8],"tags":[448],"class_list":{"0":"post-309430","1":"post","2":"type-post","3":"status-publish","4":"format-standard","5":"has-post-thumbnail","7":"category-internacionales","8":"tag-mundo"},"_links":{"self":[{"href":"https:\/\/elluchador.info\/index.php?rest_route=\/wp\/v2\/posts\/309430","targetHints":{"allow":["GET"]}}],"collection":[{"href":"https:\/\/elluchador.info\/index.php?rest_route=\/wp\/v2\/posts"}],"about":[{"href":"https:\/\/elluchador.info\/index.php?rest_route=\/wp\/v2\/types\/post"}],"author":[{"embeddable":true,"href":"https:\/\/elluchador.info\/index.php?rest_route=\/wp\/v2\/users\/38"}],"replies":[{"embeddable":true,"href":"https:\/\/elluchador.info\/index.php?rest_route=%2Fwp%2Fv2%2Fcomments&post=309430"}],"version-history":[{"count":1,"href":"https:\/\/elluchador.info\/index.php?rest_route=\/wp\/v2\/posts\/309430\/revisions"}],"predecessor-version":[{"id":309432,"href":"https:\/\/elluchador.info\/index.php?rest_route=\/wp\/v2\/posts\/309430\/revisions\/309432"}],"wp:featuredmedia":[{"embeddable":true,"href":"https:\/\/elluchador.info\/index.php?rest_route=\/wp\/v2\/media\/309431"}],"wp:attachment":[{"href":"https:\/\/elluchador.info\/index.php?rest_route=%2Fwp%2Fv2%2Fmedia&parent=309430"}],"wp:term":[{"taxonomy":"category","embeddable":true,"href":"https:\/\/elluchador.info\/index.php?rest_route=%2Fwp%2Fv2%2Fcategories&post=309430"},{"taxonomy":"post_tag","embeddable":true,"href":"https:\/\/elluchador.info\/index.php?rest_route=%2Fwp%2Fv2%2Ftags&post=309430"}],"curies":[{"name":"wp","href":"https:\/\/api.w.org\/{rel}","templated":true}]}}