{"id":50638,"date":"2017-03-08T19:16:48","date_gmt":"2017-03-08T19:16:48","guid":{"rendered":"http:\/\/elluchador.info\/web\/?p=50638"},"modified":"2017-03-08T19:16:48","modified_gmt":"2017-03-08T19:16:48","slug":"13-mujeres-fotografas-con-un-trabajo-que-nos-encanta-y-que-te-invitamos-a-conocer","status":"publish","type":"post","link":"https:\/\/elluchador.info\/?p=50638","title":{"rendered":"13 mujeres fot\u00f3grafas con un trabajo que nos encanta y que te invitamos a conocer"},"content":{"rendered":"<p>Desde <strong>Anna Atkins<\/strong>, la que se dice que fue la primera fot\u00f3grafa, hasta nuestros d\u00edas han sido muchas l<strong>as mujeres que se han dedicado a la fotograf\u00eda<\/strong>, algunas con un trabajo espectacular que no vio la luz en su momento, unas veces por motivos personales y otras por la dificultad para destacar siendo mujer en un mundo copado por los hombres.<\/p>\n<p>A lo largo de la historia han sido miles las mujeres que se han dedicado a la fotograf\u00eda, por desgracia solo <strong>unas pocas han conseguido abrirse hueco<\/strong> y dar a conocer su trabajo, teniendo que demostrar en muchas ocasiones habilidades que no se les exigen a los hombres.<\/p>\n<h2>1. Valiente y comprometida, Ruth Orkin<\/h2>\n<p>Ya os hemos hablado de <a href=\"https:\/\/www.xatakafoto.com\/fotografos\/ruth-orkin-la-pasion-por-fotografiar-como-un-estilo-de-vida\">la historia de Orkin<\/a>, una mujer valiente que decidi\u00f3<strong>viajar por Estados Unidos en bicicleta<\/strong> con su c\u00e1mara de fotos.<\/p>\n<div class=\"article-asset-image article-asset-normal\">\n<div class=\"asset-content\">\n<div class=\"caption-img  \"><img decoding=\"async\" class=\"centro_sinmarco\" src=\"https:\/\/i.blogs.es\/bea043\/1366_2000\/450_1000.png\" srcset=\"https:\/\/i.blogs.es\/bea043\/1366_2000\/450_1000.png 450w, https:\/\/i.blogs.es\/bea043\/1366_2000\/650_1200.png 681w, https:\/\/i.blogs.es\/bea043\/1366_2000\/1024_2000.png 1024w, https:\/\/i.blogs.es\/bea043\/1366_2000\/1366_2000.png 1366w\" alt=\"Ruth Orkin\" \/>Izquierda: Ruth Orkin en 1947. Derecha: Monumento de Washington Fotografiado por Orkin en 1939<\/div>\n<\/div>\n<\/div>\n<p>Despu\u00e9s de esto, tras estudiar fotoperiodismo, trabaj\u00f3 como mensajera en los estudios de la Metro Golden Mayer en 1941, al valorar la posibilidad de convertirse en directora de fotograf\u00eda se enter\u00f3 de que a las mujeres no les estaba permitido desempe\u00f1ar esa profesi\u00f3n y que no la contratar\u00edan, ante eso en lugar de agachar las orejas se despidi\u00f3 de los estudios, <strong>se alist\u00f3 al Ej\u00e9rcito Auxiliar de Mujeres<\/strong> durante la Segunda Guerra Mundial, trabaj\u00f3 como fot\u00f3grafa \u00abfreelance\u00bb y se convirti\u00f3 en una reconocida fot\u00f3grafa.<\/p>\n<h2>2. Nuestra pionera en la agencia m\u00e1s prestigiosa del mundo, Cristina Garc\u00eda Rodero<\/h2>\n<p>La agencia Magnum lleva contratando mujeres desde la primera mitad del siglo XX, la primera mujer en formar parte de esta prestigiosa y elitista cooperativa fue <a href=\"https:\/\/www.xatakafoto.com\/actualidad\/eve-arnold-una-de-las-grandes-descansa-en-paz\">Eve Arnold<\/a> en 1951, tras ella vinieron muchas otras.<\/p>\n<div class=\"article-asset-image article-asset-normal\">\n<div class=\"asset-content\"><img decoding=\"async\" class=\"centro_sinmarco\" src=\"https:\/\/i.blogs.es\/bb2d51\/1366_2000\/450_1000.jpg\" srcset=\"https:\/\/i.blogs.es\/bb2d51\/1366_2000\/450_1000.jpg 450w, https:\/\/i.blogs.es\/bb2d51\/1366_2000\/650_1200.jpg 681w, https:\/\/i.blogs.es\/bb2d51\/1366_2000\/1024_2000.jpg 1024w, https:\/\/i.blogs.es\/bb2d51\/1366_2000\/1366_2000.jpg 1366w\" alt=\"Rodero\" \/><\/div>\n<\/div>\n<p><strong>Jam\u00e1s hubo un espa\u00f1ol, ni hombre ni mujer<\/strong>, que consiguiera entrar en el selecto grupo de fot\u00f3grafos hasta que <a href=\"https:\/\/www.xatakafoto.com\/fotografos\/josef-koudelka-el-fotografo-que-nunca-acepto-un-encargo\">Koudelka<\/a> propuso a la puertollanera <a href=\"https:\/\/www.xatakafoto.com\/fotografos\/cristina-garcia-rodero-una-leccion-de-amor-por-la-fotografia-en-la-escuela-blank-paper\">Cristina Garc\u00eda Rodero.<\/a> Es la embajadora de nuestras tradiciones y costumbres por todo el mundo.<\/p>\n<h2>3. La constancia en el trabajo de Inge Morath<\/h2>\n<p>Da igual que sean hombres o mujeres, en la agencia Magnum est\u00e1n las mejores.<a href=\"https:\/\/www.xatakafoto.com\/eventos\/tras-los-pasos-de-inge-morath-miradas-sobre-el-danubio-ocho-fotografas-y-un-viaje-extraordinario-en-photoespana-2016\">Inge Morath<\/a> fue la segunda fot\u00f3grafa que entr\u00f3 en Magnum, lo hizo en 1955. Lo m\u00e1s caracter\u00edstico de su trabajo es la calma.<\/p>\n<div class=\"article-asset-image article-asset-normal\">\n<div class=\"asset-content\">\n<div class=\"caption-img  \"><img decoding=\"async\" class=\"centro_sinmarco\" src=\"https:\/\/i.blogs.es\/efa57c\/2291574545_ef37472591_o\/450_1000.jpg\" srcset=\"https:\/\/i.blogs.es\/efa57c\/2291574545_ef37472591_o\/450_1000.jpg 450w, https:\/\/i.blogs.es\/efa57c\/2291574545_ef37472591_o\/650_1200.jpg 681w, https:\/\/i.blogs.es\/efa57c\/2291574545_ef37472591_o\/1024_2000.jpg 1024w, https:\/\/i.blogs.es\/efa57c\/2291574545_ef37472591_o\/1366_2000.jpg 1366w\" alt=\"Morath\" \/>Inge Morath, imagen compartida bajo licencia Creative Commons por Jenny Jimenez en Flickr.<\/div>\n<\/div>\n<\/div>\n<p>Una de las an\u00e9cdotas que demuestran la constancia de su trabajo es cuando esta desarrollando su trabajo documental sobre el recorrido del r\u00edo Danubio, tuvo dificultades para cruzar por Alemania hacia algunos pa\u00edses por la tensa situaci\u00f3n que se viv\u00eda con la guerra fr\u00eda, <strong>tuvo que esperar la ca\u00edda del muro para poder continuar con su trabajo.<\/strong><\/p>\n<h2>4. El positivismo del trabajo de Sandra Balsells<\/h2>\n<p>Si tener que trabajar rodeados de muerte y tristeza es complicado, darle la vuelta a eso y buscar lo positivo es pr\u00e1cticamente imposible. <a href=\"https:\/\/www.xatakafoto.com\/historia-de-la-fotografia\/12-fotoperiodistas-de-guerra-espanoles-clasicos-que-deberias-conocer\">Balsells<\/a> tiene un trabajo dram\u00e1ticamente maravilloso.<\/p>\n<div class=\"article-asset-image article-asset-normal\">\n<div class=\"asset-content\">\n<div class=\"caption-img  \"><img decoding=\"async\" class=\"centro_sinmarco\" src=\"https:\/\/i.blogs.es\/05663d\/sandra_balsells\/450_1000.jpeg\" srcset=\"https:\/\/i.blogs.es\/05663d\/sandra_balsells\/450_1000.jpeg 450w, https:\/\/i.blogs.es\/05663d\/sandra_balsells\/650_1200.jpeg 681w, https:\/\/i.blogs.es\/05663d\/sandra_balsells\/1024_2000.jpeg 1024w, https:\/\/i.blogs.es\/05663d\/sandra_balsells\/1366_2000.jpeg 1366w\" alt=\"Sandra Balsells\" \/>Sandra Balsells, autor: Quim Roser. Compartida bajo licencia CC-BY en commons.wikimedia.org<\/div>\n<\/div>\n<\/div>\n<p>Su trabajo me recuerda a <strong>aquella poes\u00eda de Arthur Rimbaud<\/strong> llamada \u00ab<em>El soldado dormido<\/em>\u00bb donde se demuestra que se puede decir algo duro, horrible y triste sin que lo sean las palabras.<\/p>\n<h2>5. Anarquista y superviviente de mil guerras, Kati Horna<\/h2>\n<div class=\"article-asset-video article-asset-large\">\n<div class=\"asset-content\">\n<div class=\"base-asset-video\"><iframe loading=\"lazy\" id=\"widget2\" src=\"https:\/\/www.youtube.com\/embed\/YLCOS9Vswvk?enablejsapi=1&amp;origin=https:\/\/www.xatakafoto.com\" width=\"560\" height=\"315\" frameborder=\"0\" allowfullscreen=\"allowfullscreen\" data-mce-fragment=\"1\"><\/iframe><\/div>\n<\/div>\n<\/div>\n<p>Quiz\u00e1 no soy muy objetivo, de momento las fotoperiodistas inclinan esta balanza. No puedo pasar por alto el trabajo de <a href=\"https:\/\/www.xatakafoto.com\/eventos\/la-guerra-civil-a-traves-de-la-mirada-de-kati-horna-en-la-sociedad-de-las-americas-de-nueva-york\">Kati Horna<\/a>, que pele\u00f3 en las trincheras junto a otras dos grand\u00edsimas fot\u00f3grafas; <a href=\"https:\/\/www.xatakafoto.com\/fotografos\/gerda-taro-fotoperiodista-pionera-valiente-y-autentica-instigadora-de-robert-capa\">Gerda Taro<\/a> y Tina Modotti.<\/p>\n<h2>6. Una mujer peleando por las mujeres y los Derechos Humanos, Judith Prat<\/h2>\n<p>El denominador com\u00fan de estas mujeres es la valent\u00eda, la decisi\u00f3n, la determinaci\u00f3n. La pasi\u00f3n con la que <a href=\"https:\/\/www.xatakafoto.com\/entrevistas\/algunos-medios-no-tienen-interes-por-la-fotografia-ni-por-abordar-con-profundidad-ciertos-temas-importantes-judith-prat\">Judith Prat<\/a> habla de su trabajo es contagiosa. No se lo dije en su momento quiz\u00e1 por verg\u00fcenza pero <strong>la admiro por todo lo que su trabajo representa<\/strong> y por todo lo que significa. Una mujer que se mete en los territorios de Boko Haram para denunciar el feminicidio constante merece mucho m\u00e1s que una rese\u00f1a en una lista de fot\u00f3grafas importantes, se\u00f1ores del Pulitzer&#8230; \u00bfme est\u00e1n leyendo?<\/p>\n<h2>7. Sally Mann<\/h2>\n<p>La fotograf\u00eda documental va m\u00e1s all\u00e1 del fotoperiodismo. <a href=\"https:\/\/www.xatakafoto.com\/fotografos\/sally-mann-la-maestra-que-fotografia-la-vida-sin-censura\">Sally Mann<\/a> nos ha ense\u00f1ado que es capaz de narrar una historia sin escribir una palabra, sin pronunciar una s\u00edlaba.<\/p>\n<div class=\"article-asset-image article-asset-normal\">\n<div class=\"asset-content\">\n<div class=\"caption-img  \"><img decoding=\"async\" class=\"centro_sinmarco\" src=\"https:\/\/i.blogs.es\/10ff4d\/1366_2000-1-\/450_1000.png\" srcset=\"https:\/\/i.blogs.es\/10ff4d\/1366_2000-1-\/450_1000.png 450w, https:\/\/i.blogs.es\/10ff4d\/1366_2000-1-\/650_1200.png 681w, https:\/\/i.blogs.es\/10ff4d\/1366_2000-1-\/1024_2000.png 1024w, https:\/\/i.blogs.es\/10ff4d\/1366_2000-1-\/1366_2000.png 1366w\" alt=\"Sally Mann\" \/>Sally Mann, cortes\u00eda de Liz Liguori<\/div>\n<\/div>\n<\/div>\n<p><strong>Los retr\u00f3grados la convirtieron en pol\u00e9mica<\/strong> y maldita. Otros pensamos que Mann es uno de los referentes de la fotograf\u00eda documental contempor\u00e1nea.<\/p>\n<h2>8. Personalidad y reportaje social sin caspa, Juana Biarn\u00e9s<\/h2>\n<p>Tenemos la suerte en Espa\u00f1a de contar con fot\u00f3grafas como <a href=\"https:\/\/www.xatakafoto.com\/eventos\/juana-biarnes-inaugura-su-exposicion-contracorriente-en-photoespana-2016\">Biarn\u00e9s<\/a>, <strong>pero quiz\u00e1 el hecho de ser espa\u00f1ola ha supuesto un freno en su carrera.<\/strong><\/p>\n<div class=\"article-asset-image article-asset-normal\">\n<div class=\"asset-content\">\n<div class=\"caption-img  \"><img decoding=\"async\" class=\"centro_sinmarco\" src=\"https:\/\/i.blogs.es\/2b983d\/650_1200\/450_1000.jpg\" srcset=\"https:\/\/i.blogs.es\/2b983d\/650_1200\/450_1000.jpg 450w, https:\/\/i.blogs.es\/2b983d\/650_1200\/650_1200.jpg 681w, https:\/\/i.blogs.es\/2b983d\/650_1200\/1024_2000.jpg 1024w, https:\/\/i.blogs.es\/2b983d\/650_1200\/1366_2000.jpg 1366w\" alt=\"Biarn\u00e9s\" \/>Juana Biarn\u00e9s, foto Chema Sanmoran<\/div>\n<\/div>\n<\/div>\n<p>Para muchos resulta dif\u00edcil separar el trabajo de un fot\u00f3grafo social del mundo del espect\u00e1culo del trabajo de un fot\u00f3grafo, pero en este aspecto las fotograf\u00edas de Biarn\u00e9s son pedag\u00f3gicas, ya que con echar un vistazo encontramos el abismo que hay entre unas y otras.<\/p>\n<h2>9. El humanismo y activismo de Germain Krull<\/h2>\n<p>No hemos hablado nunca de Germain Krull, se trata de una fot\u00f3grafa con unas profundas convicciones socialistas por las que fue condenada a muerte, escap\u00f3 de eso y en Rusia la encarcelaron por anti bolchevique. Esta librepensadora supo imprimir su car\u00e1cter y forma de ser en su trabajo.<\/p>\n<div class=\"article-asset-video article-asset-large\">\n<div class=\"asset-content\">\n<div class=\"base-asset-video\"><iframe loading=\"lazy\" id=\"widget4\" src=\"https:\/\/www.youtube.com\/embed\/-2C4kZWDX3E?enablejsapi=1&amp;origin=https:\/\/www.xatakafoto.com\" width=\"560\" height=\"315\" frameborder=\"0\" allowfullscreen=\"allowfullscreen\" data-mce-fragment=\"1\"><\/iframe><\/div>\n<\/div>\n<\/div>\n<p>Pese a que <strong>principalmente serv\u00eda como ilustraciones<\/strong> a libros de corte pol\u00edtico, encontramos tambi\u00e9n un reportaje dedicado al arte budista.<\/p>\n<h2>10. Cristina de Middel<\/h2>\n<div class=\"article-asset-image article-asset-normal\">\n<div class=\"asset-content\">\n<div class=\"caption-img  \"><img decoding=\"async\" class=\"centro_sinmarco\" src=\"https:\/\/i.blogs.es\/a8fd7c\/captura-de-pantalla-2017-03-08-a-las-18.08.23\/450_1000.png\" srcset=\"https:\/\/i.blogs.es\/a8fd7c\/captura-de-pantalla-2017-03-08-a-las-18.08.23\/450_1000.png 450w, https:\/\/i.blogs.es\/a8fd7c\/captura-de-pantalla-2017-03-08-a-las-18.08.23\/650_1200.png 681w, https:\/\/i.blogs.es\/a8fd7c\/captura-de-pantalla-2017-03-08-a-las-18.08.23\/1024_2000.png 1024w, https:\/\/i.blogs.es\/a8fd7c\/captura-de-pantalla-2017-03-08-a-las-18.08.23\/1366_2000.png 1366w\" alt=\"Captura De Pantalla 2017 03 08 A Las 18 08 23\" \/>Cristina de Middel en el v\u00eddeo \u00abCristina De Middel, Deutsche Bo\u0308rse Photography Prize 2013\u00bb<\/div>\n<\/div>\n<\/div>\n<p>Esta fotodocumentalista lleva en su ADN el fotoperiodismo. Su trabajo m\u00e1s aplaudido es el de Afronautas en el que <a href=\"https:\/\/www.xatakafoto.com\/actualidad\/cristina-de-middel-inaugura-su-exposicion-antipodes-en-photoespana-2016\">Cristina de Middel<\/a> <strong>bati\u00f3 todos los records<\/strong>y tras agotar su primera edici\u00f3n se ha convertido en uno de los libros m\u00e1s deseados y mejor pagados de las \u00faltimas d\u00e9cadas.<\/p>\n<h2>11. La modestia de una genia, Vivian Maier<\/h2>\n<p>Si en esta lista no pongo a alguna fot\u00f3grafa de calle en general o a Vivian Maier en particular, seguramente el mism\u00edsimo <a href=\"https:\/\/www.xatakafoto.com\/autor\/dr.-strangelove\">Jes\u00fas Le\u00f3n<\/a> escribir\u00eda en los comentarios para recordarme tan funesto despiste.<\/p>\n<div class=\"article-asset-image article-asset-normal\">\n<div class=\"asset-content\">\n<div class=\"caption-img  \"><img decoding=\"async\" class=\"centro_sinmarco\" src=\"https:\/\/i.blogs.es\/50c471\/1366_2000\/450_1000.jpg\" srcset=\"https:\/\/i.blogs.es\/50c471\/1366_2000\/450_1000.jpg 450w, https:\/\/i.blogs.es\/50c471\/1366_2000\/650_1200.jpg 681w, https:\/\/i.blogs.es\/50c471\/1366_2000\/1024_2000.jpg 1024w, https:\/\/i.blogs.es\/50c471\/1366_2000\/1366_2000.jpg 1366w\" alt=\"Maier\" \/>Vivian Maier, autorretrato.<\/div>\n<\/div>\n<\/div>\n<p>Para algunos sobrevalorada, <strong>para otros menospreciada<\/strong> pero para pocos, porque siempre habr\u00e1 alguno, pasa desapercibido el trabajo de esta amante de la fotograf\u00eda.<\/p>\n<h2>12. Surrealismo y viaje on\u00edrico, Sof\u00eda Ayarzagoitia<\/h2>\n<div class=\"article-asset-image article-asset-normal\">\n<div class=\"asset-content\">\n<div class=\"caption-img  \"><img decoding=\"async\" class=\"centro_sinmarco\" src=\"https:\/\/i.blogs.es\/f9f41b\/captura-de-pantalla-2017-03-08-a-las-18.12.21\/450_1000.png\" srcset=\"https:\/\/i.blogs.es\/f9f41b\/captura-de-pantalla-2017-03-08-a-las-18.12.21\/450_1000.png 450w, https:\/\/i.blogs.es\/f9f41b\/captura-de-pantalla-2017-03-08-a-las-18.12.21\/650_1200.png 681w, https:\/\/i.blogs.es\/f9f41b\/captura-de-pantalla-2017-03-08-a-las-18.12.21\/1024_2000.png 1024w, https:\/\/i.blogs.es\/f9f41b\/captura-de-pantalla-2017-03-08-a-las-18.12.21\/1366_2000.png 1366w\" alt=\"Sofia Ayarzagoitia\" \/>Sofia Ayarzagoitia, del v\u00eddeo: Foam Talent 2016: Sofia Ayarzagoitia<\/div>\n<\/div>\n<\/div>\n<p><strong>El trabajo de esta mexicana<\/strong> ha dado la vuelta en mundo de premio en premio, de festival en festival. Adri\u00e1n Morillo ya nos dio una pista de su trabajo cuando<a href=\"https:\/\/www.xatakafoto.com\/entrevistas\/un-libro-te-puede-hacer-viajar-en-el-tiempo-y-en-el-espacio-gonzalo-golpe-editor-del-fotolibro-everynight-temo-ser-la-dinner\">entrevist\u00f3 al editor<\/a> de su libro \u00abEverynight temo ser la dinner\u00bb<\/p>\n<h2>13. El mundo interior de Rinko Kawauchi<\/h2>\n<div class=\"article-asset-video article-asset-large\">\n<div class=\"asset-content\">\n<div class=\"base-asset-video\"><iframe loading=\"lazy\" src=\"https:\/\/player.vimeo.com\/video\/59380075\" width=\"640\" height=\"360\" frameborder=\"0\" allowfullscreen=\"allowfullscreen\" data-mce-fragment=\"1\"><\/iframe><\/div>\n<\/div>\n<\/div>\n<p>En este listado <a href=\"https:\/\/www.xatakafoto.com\/libros-de-fotografia\/los-mejores-fotolibros-de-2013-que-hay-que-tener-en-la-lista-de-deseos\">los mejores fotolibros de 2013<\/a> os dejamos una joya, una autora que fotograf\u00eda poes\u00eda, vida. <strong>Es capaz de transformar lo cotidiano en una deliciosa pieza de arte.<\/strong><\/p>\n<p>Antes de que os lanc\u00e9is a recordarme la cantidad de fot\u00f3grafas que me he dejado en el tintero quiero decir que lo s\u00e9, hay much\u00edsimas m\u00e1s que seguramente merecen estar en este listado, muchas que seguramente no conozco y otras que seguramente no me emocionaran tanto, por favor, compartid vuestro listado alternativo, \u00bfa qu\u00e9 no es tan sencillo como parece?<\/p>\n<p>&nbsp;<\/p>\n<p>&nbsp;<\/p>\n<p>Tomado de:\u00a0<a href=\"https:\/\/www.xatakafoto.com\/opinion\/13-mujeres-fotografas-con-un-trabajo-que-nos-encanta-y-que-te-invitamos-a-conocer\">https:\/\/www.xatakafoto.com\/opinion\/13-mujeres-fotografas-con-un-trabajo-que-nos-encanta-y-que-te-invitamos-a-conocer<\/a><\/p>\n","protected":false},"excerpt":{"rendered":"<p>Desde Anna Atkins, la que se dice que fue la primera fot\u00f3grafa, hasta nuestros d\u00edas han sido muchas las mujeres que se han dedicado a la fotograf\u00eda, algunas con un trabajo espectacular que no vio la luz en su momento, unas veces por motivos personales y otras por la dificultad para destacar siendo mujer en [&hellip;]<\/p>\n","protected":false},"author":2,"featured_media":50639,"comment_status":"closed","ping_status":"closed","sticky":false,"template":"","format":"standard","meta":{"footnotes":""},"categories":[3,5],"tags":[],"class_list":{"0":"post-50638","1":"post","2":"type-post","3":"status-publish","4":"format-standard","5":"has-post-thumbnail","7":"category-curiosidades","8":"category-destacado"},"_links":{"self":[{"href":"https:\/\/elluchador.info\/index.php?rest_route=\/wp\/v2\/posts\/50638","targetHints":{"allow":["GET"]}}],"collection":[{"href":"https:\/\/elluchador.info\/index.php?rest_route=\/wp\/v2\/posts"}],"about":[{"href":"https:\/\/elluchador.info\/index.php?rest_route=\/wp\/v2\/types\/post"}],"author":[{"embeddable":true,"href":"https:\/\/elluchador.info\/index.php?rest_route=\/wp\/v2\/users\/2"}],"replies":[{"embeddable":true,"href":"https:\/\/elluchador.info\/index.php?rest_route=%2Fwp%2Fv2%2Fcomments&post=50638"}],"version-history":[{"count":0,"href":"https:\/\/elluchador.info\/index.php?rest_route=\/wp\/v2\/posts\/50638\/revisions"}],"wp:featuredmedia":[{"embeddable":true,"href":"https:\/\/elluchador.info\/index.php?rest_route=\/wp\/v2\/media\/50639"}],"wp:attachment":[{"href":"https:\/\/elluchador.info\/index.php?rest_route=%2Fwp%2Fv2%2Fmedia&parent=50638"}],"wp:term":[{"taxonomy":"category","embeddable":true,"href":"https:\/\/elluchador.info\/index.php?rest_route=%2Fwp%2Fv2%2Fcategories&post=50638"},{"taxonomy":"post_tag","embeddable":true,"href":"https:\/\/elluchador.info\/index.php?rest_route=%2Fwp%2Fv2%2Ftags&post=50638"}],"curies":[{"name":"wp","href":"https:\/\/api.w.org\/{rel}","templated":true}]}}